{"id":57685,"date":"2023-07-18T09:30:00","date_gmt":"2023-07-18T14:30:00","guid":{"rendered":"http:\/\/www.zonaroja.com.mx\/?p=57685"},"modified":"2023-07-18T07:49:32","modified_gmt":"2023-07-18T12:49:32","slug":"presenta-el-poder-judicial-de-oaxaca-la-historia-legislativa-del-codigo-penal","status":"publish","type":"post","link":"https:\/\/zonaroja.com.mx\/?p=57685","title":{"rendered":"Presenta el Poder Judicial de Oaxaca\u00a0la\u00a0\u201cHistoria\u00a0Legislativa del C\u00f3digo Penal\u201d"},"content":{"rendered":"\n<p>Redacci\u00f3n\/Zona Roja.<\/p>\n\n\n\n<p>Oaxaca de Ju\u00e1rez, Oax., a 18 de julio de 2023.- El Poder Judicial del Estado present\u00f3 la \u201cHistoria Legislativa del C\u00f3digo&nbsp;Penal para el Estado Libre y Soberano de Oaxaca\u201d, una recopilaci\u00f3n de las reformas, art\u00edculo por art\u00edculo,&nbsp;de que ha sido objeto dicho cuerpo normativo desde su publicaci\u00f3n en el peri\u00f3dico oficial del Gobierno del Estado, que data de 1980 hasta la fecha, es decir,&nbsp;desde hace 43 a\u00f1os.<\/p>\n\n\n\n<p>El magistrado presidente Eduardo Pinacho S\u00e1nchez destac\u00f3 la trascendental labor de investigaci\u00f3n realizada por la&nbsp;Comisi\u00f3n Permanente para la Consolidaci\u00f3n del Sistema Acusatorio, que preside el magistrado Gerardo Adelfo Carmona Castillo&nbsp;y que se traduce en cerca de dos mil p\u00e1ginas&nbsp;que pr\u00f3ximamente se publicar\u00e1n en la p\u00e1gina web institucional para su consulta.&nbsp;<\/p>\n\n\n\n<p>Se\u00f1al\u00f3&nbsp;que,&nbsp;de esta manera, se convertir\u00e1 en&nbsp;una herramienta valiosa y \u00fatil para el quehacer cotidiano de&nbsp;todas aquellas personas&nbsp;involucradas en la procuraci\u00f3n y administraci\u00f3n de justicia, as\u00ed como las y los interesados en temas del \u00e1mbito penal.&nbsp;<\/p>\n\n\n\n<p>Por su parte, el magistrado Carmona Castillo,&nbsp;integrante de la Segunda Sala Penal Colegiada&nbsp;del Tribunal Superior de Justicia del Estado, explic\u00f3 que&nbsp;este trabajo in\u00e9dito, sin precedentes en el pa\u00eds, se pondr\u00e1 a disposici\u00f3n de&nbsp;magistradas,&nbsp;magistrados, juezas, jueces, agentes del ministerio p\u00fablico, defensores p\u00fablicos, personal de coordinaciones y departamentos jur\u00eddicos del&nbsp;Gobierno estatal, acad\u00e9micos, docentes, investigadores, abogadas y abogados.<\/p>\n\n\n\n<p>Destac\u00f3 que este proyecto, aprobado por la&nbsp;Comisi\u00f3n&nbsp;de&nbsp;la&nbsp;Implementaci\u00f3n y&nbsp;Gesti\u00f3n de&nbsp;Calidad de la&nbsp;Secretaria&nbsp;Ejecutivadel Consejo de la Judicatura, fue posible con el apoyo del Centro de&nbsp;Estudios&nbsp;Jur\u00eddicos&nbsp;e&nbsp;Investigaci\u00f3n&nbsp;Parlamentaria del Congreso del Estado&nbsp;y personal adscrito a la&nbsp;Comisi\u00f3n Permanente para la Consolidaci\u00f3n del Sistema Acusatorio.<\/p>\n\n\n\n<p>El magistrado Carmona Castillo puntualiz\u00f3 que el expediente digital de cada art\u00edculo reformado cuenta con la iniciativa correspondiente, el dictamen aprobado y el peri\u00f3dico oficial donde fue publicado, lo que se podr\u00e1 consultar de manera sencilla y \u00e1gil.<\/p>\n","protected":false},"excerpt":{"rendered":"<p>Redacci\u00f3n\/Zona Roja. Oaxaca de Ju\u00e1rez, Oax., a 18 de julio de 2023.- El Poder Judicial&hellip;<\/p>\n","protected":false},"author":2,"featured_media":57686,"comment_status":"closed","ping_status":"open","sticky":false,"template":"","format":"standard","meta":{"_lmt_disableupdate":"","_lmt_disable":"","_jetpack_memberships_contains_paid_content":false,"footnotes":""},"categories":[109,46],"tags":[223],"class_list":["post-57685","post","type-post","status-publish","format-standard","has-post-thumbnail","hentry","category-minuto-a-minuto","category-zona-blanca","tag-poder-judicial-de-oaxaca"],"jetpack_featured_media_url":"https:\/\/zonaroja.com.mx\/wp-content\/uploads\/2023\/07\/El-magistrado-Gerardo-Adelfo-Carmona-Castillo-detallo-los-alcances-de-esta-importante-investigacion.jpg","jetpack_sharing_enabled":true,"_links":{"self":[{"href":"https:\/\/zonaroja.com.mx\/index.php?rest_route=\/wp\/v2\/posts\/57685","targetHints":{"allow":["GET"]}}],"collection":[{"href":"https:\/\/zonaroja.com.mx\/index.php?rest_route=\/wp\/v2\/posts"}],"about":[{"href":"https:\/\/zonaroja.com.mx\/index.php?rest_route=\/wp\/v2\/types\/post"}],"author":[{"embeddable":true,"href":"https:\/\/zonaroja.com.mx\/index.php?rest_route=\/wp\/v2\/users\/2"}],"replies":[{"embeddable":true,"href":"https:\/\/zonaroja.com.mx\/index.php?rest_route=%2Fwp%2Fv2%2Fcomments&post=57685"}],"version-history":[{"count":1,"href":"https:\/\/zonaroja.com.mx\/index.php?rest_route=\/wp\/v2\/posts\/57685\/revisions"}],"predecessor-version":[{"id":57687,"href":"https:\/\/zonaroja.com.mx\/index.php?rest_route=\/wp\/v2\/posts\/57685\/revisions\/57687"}],"wp:featuredmedia":[{"embeddable":true,"href":"https:\/\/zonaroja.com.mx\/index.php?rest_route=\/wp\/v2\/media\/57686"}],"wp:attachment":[{"href":"https:\/\/zonaroja.com.mx\/index.php?rest_route=%2Fwp%2Fv2%2Fmedia&parent=57685"}],"wp:term":[{"taxonomy":"category","embeddable":true,"href":"https:\/\/zonaroja.com.mx\/index.php?rest_route=%2Fwp%2Fv2%2Fcategories&post=57685"},{"taxonomy":"post_tag","embeddable":true,"href":"https:\/\/zonaroja.com.mx\/index.php?rest_route=%2Fwp%2Fv2%2Ftags&post=57685"}],"curies":[{"name":"wp","href":"https:\/\/api.w.org\/{rel}","templated":true}]}}