{"id":57691,"date":"2023-07-18T11:30:00","date_gmt":"2023-07-18T16:30:00","guid":{"rendered":"http:\/\/www.zonaroja.com.mx\/?p=57691"},"modified":"2023-07-18T08:21:37","modified_gmt":"2023-07-18T13:21:37","slug":"auge-de-popularidad-de-xochitl-galvez-opaca-a-corcholatas-morenistas","status":"publish","type":"post","link":"https:\/\/zonaroja.com.mx\/?p=57691","title":{"rendered":"Auge de popularidad de X\u00f3chitl G\u00e1lvez opaca a \u201ccorcholatas\u201d morenistas"},"content":{"rendered":"\n<p>Redacci\u00f3n\/Zona Roja Cdmx.<\/p>\n\n\n\n<p>Ciudad de M\u00e9xico, a 18 de julio de 2023.- La aparici\u00f3n de X\u00f3chitl G\u00e1lvez como aspirante a dirigir el Frente Amplio por M\u00e9xico impact\u00f3 en el inter\u00e9s por las \u00abcorcholatas\u00bb y el proceso interno de Morena, el cual cay\u00f3 5%.<\/p>\n\n\n\n<p>De acuerdo con una encuesta publicada este lunes 17 de julio por \u201cEl Financiero\u201d y levantada en el periodo en el que G\u00e1lvez expuso su intenci\u00f3n de dirigir el Frente, el inter\u00e9s de la ciudadan\u00eda en el proceso de Morena y aliados disminuy\u00f3, pas\u00f3 52 a 47% entre junio y julio.<\/p>\n\n\n\n<p>El sondeo se realiz\u00f3 tambi\u00e9n durante los primeros d\u00edas en los que el Presidente Andr\u00e9s Manuel L\u00f3pez Obrador hizo referencias a G\u00e1lvez durante la conferencia matutina, mientras el Frente Amplio por M\u00e9xico hac\u00eda anuncios relativos a su proceso de selecci\u00f3n del \u201cresponsable\u201d de la construcci\u00f3n de ese bloque.<\/p>\n\n\n\n<p>Una vez que la oposici\u00f3n sali\u00f3 en bloque a fijar su posicionamiento y proceso rumbo al 2024, la atenci\u00f3n p\u00fablica se centr\u00f3 en esos partidos y sus personajes, seg\u00fan la encuesta.<\/p>\n\n\n\n<p>La medici\u00f3n del diario arroj\u00f3 que la confianza en las encuestas como m\u00e9todo de selecci\u00f3n de la persona que ser\u00e1 la coordinadora de los comit\u00e9s de defensa de la \u00abcuarta transformaci\u00f3n\u00bb baj\u00f3 de 59 a 48% en el \u00faltimo mes.<\/p>\n\n\n\n<p>Respecto a las preferencias en el proceso de Morena y sus aliados, el partido del Trabajo (PT) y Verde (PVEM), el ejercicio reflej\u00f3 que Claudia Sheinbaum tuvo en julio 29% y diez puntos abajo Marcelo Ebrard, con 19%.<\/p>\n\n\n\n<p>El tabasque\u00f1o Ad\u00e1n Augusto L\u00f3pez Hern\u00e1ndez alcanz\u00f3 11%, el petista y diputado con licencia Gerardo Fern\u00e1ndez Noro\u00f1a 8%, el senador con licencia Ricardo Monreal 4% y el senador con licencia del PVEM, Manuel Velasco, apareci\u00f3 en el \u00faltimo lugar con 2%.<\/p>\n\n\n\n<p>De los entrevistados, 22% dijo no apoyar a ninguno y 4% no manifest\u00f3 opini\u00f3n o preferencia.<\/p>\n\n\n\n<p>Sobre la percepci\u00f3n respecto a las \u201ccorcholatas\u201d, Sheinbaum tuvo 44% de opini\u00f3n positiva, un punto m\u00e1s que el mes previo. El resto de los participantes en ese proceso bajaron de uno a tres su popularidad: Ebrard tuvo 37%; Ad\u00e1n Augusto L\u00f3pez 30%; Fern\u00e1ndez Noro\u00f1a 28%; Monreal 22% y Velasco 20%.<\/p>\n\n\n\n<p>(Informaci\u00f3n de Expansi\u00f3n Pol\u00edtica)<\/p>\n","protected":false},"excerpt":{"rendered":"<p>Redacci\u00f3n\/Zona Roja Cdmx. Ciudad de M\u00e9xico, a 18 de julio de 2023.- La aparici\u00f3n de&hellip;<\/p>\n","protected":false},"author":2,"featured_media":57692,"comment_status":"closed","ping_status":"open","sticky":false,"template":"","format":"standard","meta":{"_lmt_disableupdate":"","_lmt_disable":"","_jetpack_memberships_contains_paid_content":false,"footnotes":""},"categories":[109,47],"tags":[3601],"class_list":["post-57691","post","type-post","status-publish","format-standard","has-post-thumbnail","hentry","category-minuto-a-minuto","category-zona-gris","tag-xochitl-galvez-ruiz"],"jetpack_featured_media_url":"https:\/\/zonaroja.com.mx\/wp-content\/uploads\/2023\/07\/Xochitl-Galvez-Ruiz-1.jpeg","jetpack_sharing_enabled":true,"_links":{"self":[{"href":"https:\/\/zonaroja.com.mx\/index.php?rest_route=\/wp\/v2\/posts\/57691","targetHints":{"allow":["GET"]}}],"collection":[{"href":"https:\/\/zonaroja.com.mx\/index.php?rest_route=\/wp\/v2\/posts"}],"about":[{"href":"https:\/\/zonaroja.com.mx\/index.php?rest_route=\/wp\/v2\/types\/post"}],"author":[{"embeddable":true,"href":"https:\/\/zonaroja.com.mx\/index.php?rest_route=\/wp\/v2\/users\/2"}],"replies":[{"embeddable":true,"href":"https:\/\/zonaroja.com.mx\/index.php?rest_route=%2Fwp%2Fv2%2Fcomments&post=57691"}],"version-history":[{"count":1,"href":"https:\/\/zonaroja.com.mx\/index.php?rest_route=\/wp\/v2\/posts\/57691\/revisions"}],"predecessor-version":[{"id":57693,"href":"https:\/\/zonaroja.com.mx\/index.php?rest_route=\/wp\/v2\/posts\/57691\/revisions\/57693"}],"wp:featuredmedia":[{"embeddable":true,"href":"https:\/\/zonaroja.com.mx\/index.php?rest_route=\/wp\/v2\/media\/57692"}],"wp:attachment":[{"href":"https:\/\/zonaroja.com.mx\/index.php?rest_route=%2Fwp%2Fv2%2Fmedia&parent=57691"}],"wp:term":[{"taxonomy":"category","embeddable":true,"href":"https:\/\/zonaroja.com.mx\/index.php?rest_route=%2Fwp%2Fv2%2Fcategories&post=57691"},{"taxonomy":"post_tag","embeddable":true,"href":"https:\/\/zonaroja.com.mx\/index.php?rest_route=%2Fwp%2Fv2%2Ftags&post=57691"}],"curies":[{"name":"wp","href":"https:\/\/api.w.org\/{rel}","templated":true}]}}