{"id":57694,"date":"2023-07-18T13:30:00","date_gmt":"2023-07-18T18:30:00","guid":{"rendered":"http:\/\/www.zonaroja.com.mx\/?p=57694"},"modified":"2023-07-18T08:23:19","modified_gmt":"2023-07-18T13:23:19","slug":"organizacion-internacional-pide-a-mexico-frenar-violencia-impune-contra-periodistas","status":"publish","type":"post","link":"https:\/\/zonaroja.com.mx\/?p=57694","title":{"rendered":"Organizaci\u00f3n internacional pide a M\u00e9xico frenar violencia impune contra periodistas"},"content":{"rendered":"\n<p>Redacci\u00f3n\/Zona Roja Cdmx.<\/p>\n\n\n\n<p>Ciudad de M\u00e9xico, a 18 de julio de 2023.- La Sociedad Interamericana de Prensa (SIP) execr\u00f3 este lunes el asesinato en M\u00e9xico del periodista Nelson Matus Pe\u00f1a, el s\u00e9ptimo en lo que va de a\u00f1o en el pa\u00eds, y pidi\u00f3 al Gobierno de ese pa\u00eds detener \u00abla violencia impune contra periodistas\u00bb y \u00abmostrar su compromiso con la libertad de prensa\u201d.<\/p>\n\n\n\n<p>El presidente de la Comisi\u00f3n de Libertad de Prensa e Informaci\u00f3n de la SIP, Carlos Jornet, conden\u00f3 este nuevo crimen en M\u00e9xico, \u00abdonde los periodistas de Acapulco y de otras zonas del pa\u00eds han venido advirtiendo que ejercen su trabajo con temor y gran desprotecci\u00f3n\u00bb, se\u00f1al\u00f3 en un comunicado.<\/p>\n\n\n\n<p>Matus Pe\u00f1a, director del portal \u201cLo Real de Guerrero\u201d, en Acapulco, fue asesinado el pasado s\u00e1bado por la tarde, cuando desconocidos le dispararon en la cabeza y en el cuerpo cuando se encontraba en el estacionamiento de una tienda.<\/p>\n\n\n\n<p>\u00abMientras los graves atropellos contra los periodistas mexicanos contin\u00faen impunes, se seguir\u00e1 enviando el mensaje err\u00f3neo de que estos delitos no pasan por la Justicia, lo que da carta libre a los violentos\u00bb, advirti\u00f3 Jornet.<\/p>\n\n\n\n<p>Jornet, director del diario \u201cLa Voz del Interior\u201d, de Argentina, reiter\u00f3 la demanda al Gobierno mexicano para que \u00abact\u00fae con firmeza ante los asesinatos contra periodistas, administre justicia, frene la violencia que padecen y demuestre su compromiso con la libertad de prensa\u00bb.<\/p>\n\n\n\n<p>Matus Pe\u00f1a contaba con m\u00e1s de 15 a\u00f1os de experiencia en el ejercicio del periodismo y se especializaba en noticias policiales, violencia e inseguridad.<\/p>\n\n\n\n<p>En 2019 fue v\u00edctima de un atentado del que sali\u00f3 ileso. Matus Pe\u00f1a trabaj\u00f3 en \u201cAlarma\u201d y \u201cAgora Guerrero\u201d, entre otros medios.<\/p>\n\n\n\n<p>Su asesinato se suma al de Luis Mart\u00edn S\u00e1nchez \u00cd\u00f1iguez, corresponsal del diario \u201cLa Jornada\u201d, en Tepic, estado de Narayarit, hallado sin vida el pasado 8 de julio.<\/p>\n\n\n\n<p>Este a\u00f1o tambi\u00e9n fue ultimado, el 23 de mayo, Marco Aurelio Ram\u00edrez, periodista y colaborador de Peri\u00f3dico \u201cCentral\u201d y \u201cCentral Puebla\u201d, estado de Puebla.<\/p>\n\n\n\n<p>La SIP es una organizaci\u00f3n sin fines de lucro dedicada a la defensa y promoci\u00f3n de las libertades de prensa y de expresi\u00f3n en las Am\u00e9ricas.<\/p>\n\n\n\n<p>Est\u00e1 compuesta por m\u00e1s de mil 300 publicaciones del hemisferio occidental, y tiene sede en Miami (Florida).<\/p>\n\n\n\n<p>(Informaci\u00f3n de EFE en \u201cEl Universal\u201d)<\/p>\n","protected":false},"excerpt":{"rendered":"<p>Redacci\u00f3n\/Zona Roja Cdmx. Ciudad de M\u00e9xico, a 18 de julio de 2023.- La Sociedad Interamericana&hellip;<\/p>\n","protected":false},"author":2,"featured_media":44203,"comment_status":"closed","ping_status":"open","sticky":false,"template":"","format":"standard","meta":{"_lmt_disableupdate":"","_lmt_disable":"","_jetpack_memberships_contains_paid_content":false,"footnotes":""},"categories":[109,47],"tags":[1016],"class_list":["post-57694","post","type-post","status-publish","format-standard","has-post-thumbnail","hentry","category-minuto-a-minuto","category-zona-gris","tag-asesinato-de-periodistas-en-mexico"],"jetpack_featured_media_url":"https:\/\/zonaroja.com.mx\/wp-content\/uploads\/2022\/08\/Sociedad-Interamericana-de-Prensa-SIP.jpeg","jetpack_sharing_enabled":true,"_links":{"self":[{"href":"https:\/\/zonaroja.com.mx\/index.php?rest_route=\/wp\/v2\/posts\/57694","targetHints":{"allow":["GET"]}}],"collection":[{"href":"https:\/\/zonaroja.com.mx\/index.php?rest_route=\/wp\/v2\/posts"}],"about":[{"href":"https:\/\/zonaroja.com.mx\/index.php?rest_route=\/wp\/v2\/types\/post"}],"author":[{"embeddable":true,"href":"https:\/\/zonaroja.com.mx\/index.php?rest_route=\/wp\/v2\/users\/2"}],"replies":[{"embeddable":true,"href":"https:\/\/zonaroja.com.mx\/index.php?rest_route=%2Fwp%2Fv2%2Fcomments&post=57694"}],"version-history":[{"count":1,"href":"https:\/\/zonaroja.com.mx\/index.php?rest_route=\/wp\/v2\/posts\/57694\/revisions"}],"predecessor-version":[{"id":57695,"href":"https:\/\/zonaroja.com.mx\/index.php?rest_route=\/wp\/v2\/posts\/57694\/revisions\/57695"}],"wp:featuredmedia":[{"embeddable":true,"href":"https:\/\/zonaroja.com.mx\/index.php?rest_route=\/wp\/v2\/media\/44203"}],"wp:attachment":[{"href":"https:\/\/zonaroja.com.mx\/index.php?rest_route=%2Fwp%2Fv2%2Fmedia&parent=57694"}],"wp:term":[{"taxonomy":"category","embeddable":true,"href":"https:\/\/zonaroja.com.mx\/index.php?rest_route=%2Fwp%2Fv2%2Fcategories&post=57694"},{"taxonomy":"post_tag","embeddable":true,"href":"https:\/\/zonaroja.com.mx\/index.php?rest_route=%2Fwp%2Fv2%2Ftags&post=57694"}],"curies":[{"name":"wp","href":"https:\/\/api.w.org\/{rel}","templated":true}]}}