{"id":57696,"date":"2023-07-18T12:23:00","date_gmt":"2023-07-18T17:23:00","guid":{"rendered":"http:\/\/www.zonaroja.com.mx\/?p=57696"},"modified":"2023-07-18T08:28:10","modified_gmt":"2023-07-18T13:28:10","slug":"van-167-personas-que-han-muerto-en-mexico-a-causa-de-ola-de-calor","status":"publish","type":"post","link":"https:\/\/zonaroja.com.mx\/?p=57696","title":{"rendered":"Van 167 personas que han muerto en M\u00e9xico a causa de ola de calor"},"content":{"rendered":"\n<p>Redacci\u00f3n\/Zona Roja Cdmx.<\/p>\n\n\n\n<p>Ciudad de M\u00e9xico, a 18 de julio de 2023.- La actual&nbsp;temporada de calor&nbsp; que inici\u00f3 el pasado 19 de marzo, ha provocado la muerte&nbsp;de&nbsp;167 personas en M\u00e9xico, seg\u00fan un reporte de la Secretar\u00eda de Salud federal.<\/p>\n\n\n\n<p>Lo anterior de acuerdo con el informe de&nbsp;Vigilancia Epidemiol\u00f3gica de Temperaturas Naturales Extremas 2023, que detall\u00f3 que hasta la semana epidemiol\u00f3gica 27 (SE27) se han registrado un total de dos mil 662 casos asociados a temperaturas naturales extremas, adem\u00e1s de 167 defunciones, de las cuales 154&nbsp; han sido causados por golpe&nbsp;de&nbsp;calor, y 13 por deshidrataci\u00f3n.<\/p>\n\n\n\n<p>Los estados con mayores cifras de muertos por calor son Nuevo Le\u00f3n (81), Tamaulipas (27) Veracruz (20), Coahuila (9), Sonora (7), Tabasco (6), Oaxaca (4), Quintana Roo (3), San Luis Potos\u00ed (3), Yucat\u00e1n (2), Baja California Sur (1), Campeche (1), Chihuahua (1), Morelos (1) y Sinaloa (1).<\/p>\n\n\n\n<p>Con base en la informaci\u00f3n registrada en los servicios estatales de Salud, a trav\u00e9s del Sistema de Vigilancia Epidemiol\u00f3gica de Temperaturas Naturales Extremas de la Direcci\u00f3n General de Epidemiolog\u00eda, en la semana 27, que comprende del 2 al 8 de julio, se notificaron 208 casos asociados a temperaturas naturales extremas y 15 defunciones a nivel nacional, de las cuales 6 son atribuibles a la tercera ola de calor, las cuales fueron notificados con retraso.<\/p>\n\n\n\n<p>De las 167 defunciones acumuladas hasta la SE27, solo 130 son atribuidas a la tercera ola de calor, que fue del 1 al 22 de junio.<\/p>\n\n\n\n<p>Comparativamente, para la semana epidemiol\u00f3gica 27 de la temporada de calor 2022, se contaba con un total de 79 casos asociados y no se reportaron defunciones a nivel nacional.<\/p>\n\n\n\n<p>(Con informaci\u00f3n de L\u00f3pez-D\u00f3riga Digital)<\/p>\n","protected":false},"excerpt":{"rendered":"<p>Redacci\u00f3n\/Zona Roja Cdmx. Ciudad de M\u00e9xico, a 18 de julio de 2023.- La actual&nbsp;temporada de&hellip;<\/p>\n","protected":false},"author":2,"featured_media":57697,"comment_status":"closed","ping_status":"open","sticky":false,"template":"","format":"standard","meta":{"_lmt_disableupdate":"","_lmt_disable":"","_jetpack_memberships_contains_paid_content":false,"footnotes":""},"categories":[109,47],"tags":[3583],"class_list":["post-57696","post","type-post","status-publish","format-standard","has-post-thumbnail","hentry","category-minuto-a-minuto","category-zona-gris","tag-ola-de-calor"],"jetpack_featured_media_url":"https:\/\/zonaroja.com.mx\/wp-content\/uploads\/2023\/07\/Ola-de-calor-.jpeg","jetpack_sharing_enabled":true,"_links":{"self":[{"href":"https:\/\/zonaroja.com.mx\/index.php?rest_route=\/wp\/v2\/posts\/57696","targetHints":{"allow":["GET"]}}],"collection":[{"href":"https:\/\/zonaroja.com.mx\/index.php?rest_route=\/wp\/v2\/posts"}],"about":[{"href":"https:\/\/zonaroja.com.mx\/index.php?rest_route=\/wp\/v2\/types\/post"}],"author":[{"embeddable":true,"href":"https:\/\/zonaroja.com.mx\/index.php?rest_route=\/wp\/v2\/users\/2"}],"replies":[{"embeddable":true,"href":"https:\/\/zonaroja.com.mx\/index.php?rest_route=%2Fwp%2Fv2%2Fcomments&post=57696"}],"version-history":[{"count":1,"href":"https:\/\/zonaroja.com.mx\/index.php?rest_route=\/wp\/v2\/posts\/57696\/revisions"}],"predecessor-version":[{"id":57698,"href":"https:\/\/zonaroja.com.mx\/index.php?rest_route=\/wp\/v2\/posts\/57696\/revisions\/57698"}],"wp:featuredmedia":[{"embeddable":true,"href":"https:\/\/zonaroja.com.mx\/index.php?rest_route=\/wp\/v2\/media\/57697"}],"wp:attachment":[{"href":"https:\/\/zonaroja.com.mx\/index.php?rest_route=%2Fwp%2Fv2%2Fmedia&parent=57696"}],"wp:term":[{"taxonomy":"category","embeddable":true,"href":"https:\/\/zonaroja.com.mx\/index.php?rest_route=%2Fwp%2Fv2%2Fcategories&post=57696"},{"taxonomy":"post_tag","embeddable":true,"href":"https:\/\/zonaroja.com.mx\/index.php?rest_route=%2Fwp%2Fv2%2Ftags&post=57696"}],"curies":[{"name":"wp","href":"https:\/\/api.w.org\/{rel}","templated":true}]}}