{"id":57702,"date":"2023-07-18T10:30:00","date_gmt":"2023-07-18T15:30:00","guid":{"rendered":"http:\/\/www.zonaroja.com.mx\/?p=57702"},"modified":"2023-07-18T09:13:19","modified_gmt":"2023-07-18T14:13:19","slug":"asociacion-amigos-del-maco-pide-intervencion-de-lopez-obrador","status":"publish","type":"post","link":"https:\/\/zonaroja.com.mx\/?p=57702","title":{"rendered":"Asociaci\u00f3n Amigos del MACO pide intervenci\u00f3n de L\u00f3pez Obrador"},"content":{"rendered":"\n<p>Ismael Garc\u00eda M.\/Zona Roja.<\/p>\n\n\n\n<p>Oaxaca de Ju\u00e1rez, Oax., a 18 de julio de 2023.- A casi tres semanas de la recuperaci\u00f3n de Museo de Arte Contempor\u00e1neo de Oaxaca por parte del Gobierno del Estado, la asociaci\u00f3n civil Amigos del MACO pidi\u00f3 la intervenci\u00f3n del Presidente Andr\u00e9s Manuel L\u00f3pez Obrador.<\/p>\n\n\n\n<p>Ello porque, seg\u00fan consideran el presidente de la agrupaci\u00f3n, el pintor Rub\u00e9n Leyva, y el a\u00fan director del recinto, Oliver Kandt, han sido ignorados por la Secretar\u00eda de las Culturas y las Artes, que encabeza V\u00edctor Cata, en la devoluci\u00f3n de 40 obras de artistas pl\u00e1sticos.<\/p>\n\n\n\n<p>\u201cPedimos a usted su valiosa intervenci\u00f3n ante el se\u00f1or gobernador de Oaxaca para que las personas que somos resguardatarias de las obras de arte y que nos dedicamos a promover la creaci\u00f3n art\u00edstica de autoras y autores de la entidad y de otros confines del mundo, no seamos tratados como vulgares delincuentes y se nos d\u00e9 el respeto que meremos as\u00ed como la oportunidad de di\u00e1logo y concertaci\u00f3n, habida cuenta que con nuestro esfuerzo hemos puesto en alto y difundido ampliamente las grandes creaciones art\u00edsticas de las oaxaque\u00f1as y oaxaque\u00f1os\u201d, exponen en una misiva.<\/p>\n\n\n\n<p>Rese\u00f1an el conflicto que se agudiz\u00f3 el pasado 28 de junio, al recuperar la autoridad estatal, a trav\u00e9s de la Consejer\u00eda Jur\u00eddica que encabeza Geovany V\u00e1squez, la sede principal del MACO, pero fue \u201capoyado de un pelot\u00f3n de asalto de la Polic\u00eda Estatal armados con fusiles R15, pistolas y granadas, (queI ingresaron con lujo de fuerza en las instalaciones de la llamada Casa de Cort\u00e9s ubicada en el Centro de la ciudad de Oaxaca en donde operaba el Museo de Arte Contempor\u00e1neo Oaxaca (MACO)\u201d.<\/p>\n\n\n\n<p>No obstante, en el inmueble se quedaron 40 obras art\u00edsticas de las autoras Tania Bello, Patricia Belli y Susana Wald que ser\u00edan expuestas al p\u00fablico en una exposici\u00f3n ya programada, \u201csituaci\u00f3n que nos preocupa por que se corre el riesgo de que sean destruidas o se pierdan\u201d.<\/p>\n\n\n\n<p>\u201cPor lo que a trav\u00e9s de un oficio le solicitamos al secretario de Cultura del Gobierno del Estado que se encargara de resguardarlas y que fueran entregadas a la brevedad posible por nuestro conducto a sus autoras, lo cual ha sido totalmente ignorado por dicho servidor p\u00fablico\u201d.<\/p>\n\n\n\n<p>Ante ello, la asociaci\u00f3n civil pidi\u00f3 por escrito el apoyo del mandatario mexicano y reiter\u00f3 que \u00abNada por la fuerza, todo por la raz\u00f3n y el derecho\u201d.<\/p>\n","protected":false},"excerpt":{"rendered":"<p>Ismael Garc\u00eda M.\/Zona Roja. Oaxaca de Ju\u00e1rez, Oax., a 18 de julio de 2023.- A&hellip;<\/p>\n","protected":false},"author":2,"featured_media":57704,"comment_status":"closed","ping_status":"open","sticky":false,"template":"","format":"standard","meta":{"_lmt_disableupdate":"","_lmt_disable":"","_jetpack_memberships_contains_paid_content":false,"footnotes":""},"categories":[109,47],"tags":[2298],"class_list":["post-57702","post","type-post","status-publish","format-standard","has-post-thumbnail","hentry","category-minuto-a-minuto","category-zona-gris","tag-museo-de-arte-contemporaneo-de-oaxaca-maco"],"jetpack_featured_media_url":"https:\/\/zonaroja.com.mx\/wp-content\/uploads\/2023\/07\/Carta-Amigos-del-MACO.jpg","jetpack_sharing_enabled":true,"_links":{"self":[{"href":"https:\/\/zonaroja.com.mx\/index.php?rest_route=\/wp\/v2\/posts\/57702","targetHints":{"allow":["GET"]}}],"collection":[{"href":"https:\/\/zonaroja.com.mx\/index.php?rest_route=\/wp\/v2\/posts"}],"about":[{"href":"https:\/\/zonaroja.com.mx\/index.php?rest_route=\/wp\/v2\/types\/post"}],"author":[{"embeddable":true,"href":"https:\/\/zonaroja.com.mx\/index.php?rest_route=\/wp\/v2\/users\/2"}],"replies":[{"embeddable":true,"href":"https:\/\/zonaroja.com.mx\/index.php?rest_route=%2Fwp%2Fv2%2Fcomments&post=57702"}],"version-history":[{"count":1,"href":"https:\/\/zonaroja.com.mx\/index.php?rest_route=\/wp\/v2\/posts\/57702\/revisions"}],"predecessor-version":[{"id":57705,"href":"https:\/\/zonaroja.com.mx\/index.php?rest_route=\/wp\/v2\/posts\/57702\/revisions\/57705"}],"wp:featuredmedia":[{"embeddable":true,"href":"https:\/\/zonaroja.com.mx\/index.php?rest_route=\/wp\/v2\/media\/57704"}],"wp:attachment":[{"href":"https:\/\/zonaroja.com.mx\/index.php?rest_route=%2Fwp%2Fv2%2Fmedia&parent=57702"}],"wp:term":[{"taxonomy":"category","embeddable":true,"href":"https:\/\/zonaroja.com.mx\/index.php?rest_route=%2Fwp%2Fv2%2Fcategories&post=57702"},{"taxonomy":"post_tag","embeddable":true,"href":"https:\/\/zonaroja.com.mx\/index.php?rest_route=%2Fwp%2Fv2%2Ftags&post=57702"}],"curies":[{"name":"wp","href":"https:\/\/api.w.org\/{rel}","templated":true}]}}