{"id":57707,"date":"2023-07-18T15:34:56","date_gmt":"2023-07-18T20:34:56","guid":{"rendered":"http:\/\/www.zonaroja.com.mx\/?p=57707"},"modified":"2023-07-18T15:34:59","modified_gmt":"2023-07-18T20:34:59","slug":"declara-seccion-22-del-snte-persona-no-grata-al-diputado-morenista-iran-santiago","status":"publish","type":"post","link":"https:\/\/zonaroja.com.mx\/?p=57707","title":{"rendered":"Declara Secci\u00f3n 22 del SNTE persona no grata al diputado morenista Ir\u00e1n Santiago"},"content":{"rendered":"\n<p>Yuridiana Sosa\/Zona Roja.<\/p>\n\n\n\n<p>Oaxaca de Ju\u00e1rez, Oax., a 18 de julio de 2023.- La Secci\u00f3n 22 del SNTE rechaz\u00f3 todo acto de intento de \u201cboicot\u201d a la Guelaguetza magisterial y popular, principalmente por los hechos violentos que protagoniz\u00f3 el diputado de Morena Ir\u00e1n Santiago Manuel, a quien se\u00f1alaron de persona no grata en la lucha del magisterio.<\/p>\n\n\n\n<p>Por medio de un comunicado este martes, la gremial a cargo de Yenny Aracely P\u00e9rez Mart\u00ednez se pronunci\u00f3 ante la trifulca que se registr\u00f3 en su edici\u00f3n 16 de la Guelaguetza, realizada en el estadio de f\u00fatbol del Instituto Tecnol\u00f3gico de Oaxaca.<\/p>\n\n\n\n<p>La Secci\u00f3n 22 se\u00f1al\u00f3 como responsable al diputado federal por Morena, Ir\u00e1n Santiago Manuel, quien pertenece al grupo denominado \u201cPozoleros\u201d, por su afinidad al PRI, y en su caso es se\u00f1alado de pactar con Alejandro Murat, junto con Eloy L\u00f3pez Hern\u00e1ndez.<\/p>\n\n\n\n<p>\u201cDeclaramos que este personaje no es una persona grata en nuestros escenarios de lucha\u201d, puntualiz\u00f3 la Secci\u00f3n 22 del SNTE adherida a la Coordinadora Nacional de Trabajadores de la Educaci\u00f3n (CNTE).<\/p>\n\n\n\n<p>Ayer, en estado de ebriedad, el diputado inici\u00f3 una ri\u00f1a campal entre hombres y mujeres en plena celebraci\u00f3n, cuando a\u00fan continuaba la presentaci\u00f3n de delegaciones sobre el escenario.<\/p>\n\n\n\n<p>Parte del campo se convirti\u00f3 en un ring en el que se adem\u00e1s de manotazos, patadas y jalones de callejones, hubo sillazos.<\/p>\n\n\n\n<p>El problema inici\u00f3 cuando un grupo de asistentes se inconform\u00f3 con la presencia del diputado, quien se atrevi\u00f3 a ingresar incluso con gafete especial para permanecer en zona preferente.<\/p>\n\n\n\n<p>Los comentarios en su contra causaron la reacci\u00f3n violenta del morenista, que de inmediato se abalanz\u00f3 contra sus rivales.<br>Estos actos fueron interpretados por la Secci\u00f3n 22 como una provocaci\u00f3n a boicotear la fiesta del magisterio y organizaciones.<\/p>\n\n\n\n<p>En su comunicado, la gremial ratific\u00f3 su independencia pol\u00edtica de partidos, gobiernos y personajes que buscan deslegitimar nuestra lucha.<\/p>\n\n\n\n<p>Por lo que asever\u00f3: \u201cEste Movimiento no tiene representantes populares, de gobierno, legislativos o pol\u00edticos en ning\u00fan espacio dado que se rige por una representaci\u00f3n que deriva de un proceso democr\u00e1tico de bases\u201d.<\/p>\n\n\n\n<p>Por lo que, en esa unidad de bases continuar\u00e1n su lucha por la defensa de los derechos laborales, del territorio y de las comunidades.<\/p>\n","protected":false},"excerpt":{"rendered":"<p>Yuridiana Sosa\/Zona Roja. Oaxaca de Ju\u00e1rez, Oax., a 18 de julio de 2023.- La Secci\u00f3n&hellip;<\/p>\n","protected":false},"author":2,"featured_media":57706,"comment_status":"closed","ping_status":"open","sticky":false,"template":"","format":"standard","meta":{"_lmt_disableupdate":"","_lmt_disable":"","_jetpack_memberships_contains_paid_content":false,"footnotes":""},"categories":[109,47],"tags":[],"class_list":["post-57707","post","type-post","status-publish","format-standard","has-post-thumbnail","hentry","category-minuto-a-minuto","category-zona-gris"],"jetpack_featured_media_url":"https:\/\/zonaroja.com.mx\/wp-content\/uploads\/2023\/07\/img_1397.jpg","jetpack_sharing_enabled":true,"_links":{"self":[{"href":"https:\/\/zonaroja.com.mx\/index.php?rest_route=\/wp\/v2\/posts\/57707","targetHints":{"allow":["GET"]}}],"collection":[{"href":"https:\/\/zonaroja.com.mx\/index.php?rest_route=\/wp\/v2\/posts"}],"about":[{"href":"https:\/\/zonaroja.com.mx\/index.php?rest_route=\/wp\/v2\/types\/post"}],"author":[{"embeddable":true,"href":"https:\/\/zonaroja.com.mx\/index.php?rest_route=\/wp\/v2\/users\/2"}],"replies":[{"embeddable":true,"href":"https:\/\/zonaroja.com.mx\/index.php?rest_route=%2Fwp%2Fv2%2Fcomments&post=57707"}],"version-history":[{"count":1,"href":"https:\/\/zonaroja.com.mx\/index.php?rest_route=\/wp\/v2\/posts\/57707\/revisions"}],"predecessor-version":[{"id":57708,"href":"https:\/\/zonaroja.com.mx\/index.php?rest_route=\/wp\/v2\/posts\/57707\/revisions\/57708"}],"wp:featuredmedia":[{"embeddable":true,"href":"https:\/\/zonaroja.com.mx\/index.php?rest_route=\/wp\/v2\/media\/57706"}],"wp:attachment":[{"href":"https:\/\/zonaroja.com.mx\/index.php?rest_route=%2Fwp%2Fv2%2Fmedia&parent=57707"}],"wp:term":[{"taxonomy":"category","embeddable":true,"href":"https:\/\/zonaroja.com.mx\/index.php?rest_route=%2Fwp%2Fv2%2Fcategories&post=57707"},{"taxonomy":"post_tag","embeddable":true,"href":"https:\/\/zonaroja.com.mx\/index.php?rest_route=%2Fwp%2Fv2%2Ftags&post=57707"}],"curies":[{"name":"wp","href":"https:\/\/api.w.org\/{rel}","templated":true}]}}