{"id":57709,"date":"2023-07-18T19:03:58","date_gmt":"2023-07-19T00:03:58","guid":{"rendered":"http:\/\/www.zonaroja.com.mx\/?p=57709"},"modified":"2023-07-18T19:03:59","modified_gmt":"2023-07-19T00:03:59","slug":"se-acumulan-problemas-en-los-sso-segunda-semana-de-paros-en-la-cuenca-y-cierran-clinica-en-la-capital","status":"publish","type":"post","link":"https:\/\/zonaroja.com.mx\/?p=57709","title":{"rendered":"Se acumulan problemas en los SSO: segunda semana de paros en la Cuenca y cierran cl\u00ednica en la capital"},"content":{"rendered":"\n<p>Yuridiana Sosa\/Zona Roja.<\/p>\n\n\n\n<p>Oaxaca de Ju\u00e1rez, Oax., a 18 de julio de 2023.- Trabajadores de los Servicios de Salud de Oaxaca (SSO) mantienen movilizaciones desde hace dos semanas en las regiones de la Cuenca y Valles Centrales, en busca de atenci\u00f3n de la titular, Ana Lilia Velasco Hern\u00e1dez, a las diversas problem\u00e1ticas en los hospitales y centros laborales.<\/p>\n\n\n\n<p>La Subsecci\u00f3n 03 Tuxtepec inici\u00f3 ayer lunes su segunda semana de la jornada de lucha en exigencia de mantenimiento en la infraestructura hospitalaria y m\u00e9dica en la regi\u00f3n de la Cuenca.<\/p>\n\n\n\n<p>Este 17 de julio el personal m\u00e9dico y administrativo de la regi\u00f3n, adherido a la Secci\u00f3n 35 del Sindicato Nacional de Trabajadores de Salud, inici\u00f3 un paro de labores de 72 horas, con la advertencia de activar uno de forma indefinida a partir del pr\u00f3ximo viernes si no hay atenci\u00f3n f\u00edsica de sus demandas.<\/p>\n\n\n\n<p>Los Servicios de Salud de Oaxaca deben resolver los problemas en la red de energ\u00eda el\u00e9ctrica, la red de aire acondicionado en \u00e1reas indispensables y en la red de ox\u00edgeno, en el Hospital General de la region ubicado en Tuxtepec, trabajos que se hab\u00eda comprometido a llevar a cabo desde pasado 26 de junio. <\/p>\n\n\n\n<p>As\u00ed tambi\u00e9n, diversos centros de salud y hospitales rurales presentan deficiencias en sus instalaciones, as\u00ed como falta de personal m\u00e9dico y medicinas.<\/p>\n\n\n\n<p>PARO EN CENTRO DE SALUD<\/p>\n\n\n\n<p>Por otra parte, sindicalizados de la Secci\u00f3n 35 del SNTSA \u201ctomaron\u201d el Centro de Salud Urbano n\u00famero 1 de la ciudad de Oaxaca, para exigir la salida del qu\u00edmico Rosel\u00edn Trejo L\u00f3pez por usurpar funciones y desestabilizar a la base.<\/p>\n\n\n\n<p>La delegada sindical, Angelina Vale Calder\u00f3n, se\u00f1al\u00f3 que el trabajador se autonombr\u00f3 como delegado sindical luego que perdi\u00f3 la elecci\u00f3n.<\/p>\n\n\n\n<p>Por lo que demandan la intervenci\u00f3n del secretario general de la Secci\u00f3n 35, Omar L\u00f3pez S\u00e1nchez, as\u00ed como de la Secretar\u00eda de Salud, pues el trabajador tambi\u00e9n ha tenido graves faltas laborales, entre las que incluyen un trato violento contra trabajadoras de la tercera edad.<\/p>\n\n\n\n<p>El cierre del Centro de Salud afect\u00f3 afect\u00f3 a decenas de usuarios que asistieron a sus citas y a diferentes servicios.<\/p>\n\n\n\n<figure class=\"wp-block-embed\"><div class=\"wp-block-embed__wrapper\">\n<div class=\"twitter-tweet\"><blockquote class=\"twitter-tweet\" data-lang=\"es\"><p lang=\"es\" dir=\"ltr\"><a href=\"https:\/\/twitter.com\/hashtag\/%C3%9AltimoMinuto?src=hash&amp;ref_src=twsrc%5Etfw\">#\u00daltimoMinuto<\/a><br>Muy temprano inician este martes las protestas en Oaxaca. <br>Por l\u00edo sindical, trabajadores de los <a href=\"https:\/\/twitter.com\/SSO_GobOax?ref_src=twsrc%5Etfw\">@SSO_GobOax<\/a> cierran el Centro de Salud Urbano 1, ubicado en el centro de la ciudad de Oaxaca. <br>Video: <a href=\"https:\/\/twitter.com\/Miguel_A_LunaLo?ref_src=twsrc%5Etfw\">@Miguel_A_LunaLo<\/a>. <a href=\"https:\/\/t.co\/z3LuX6wVt2\">pic.twitter.com\/z3LuX6wVt2<\/a><\/p>&mdash; Zona Roja Oaxaca (@ZonaRoja_Oaxaca) <a href=\"https:\/\/twitter.com\/ZonaRoja_Oaxaca\/status\/1681288639186186241?ref_src=twsrc%5Etfw\">18 de julio de 2023<\/a><\/blockquote><\/div>\n<\/div><\/figure>\n","protected":false},"excerpt":{"rendered":"<p>Yuridiana Sosa\/Zona Roja. Oaxaca de Ju\u00e1rez, Oax., a 18 de julio de 2023.- Trabajadores de&hellip;<\/p>\n","protected":false},"author":2,"featured_media":57703,"comment_status":"closed","ping_status":"open","sticky":false,"template":"","format":"standard","meta":{"_lmt_disableupdate":"","_lmt_disable":"","_jetpack_memberships_contains_paid_content":false,"footnotes":""},"categories":[109,47],"tags":[],"class_list":["post-57709","post","type-post","status-publish","format-standard","has-post-thumbnail","hentry","category-minuto-a-minuto","category-zona-gris"],"jetpack_featured_media_url":"https:\/\/zonaroja.com.mx\/wp-content\/uploads\/2023\/07\/Protesta-sindicato-Salud-Centro-de-Salud-Urbano.jpg","jetpack_sharing_enabled":true,"_links":{"self":[{"href":"https:\/\/zonaroja.com.mx\/index.php?rest_route=\/wp\/v2\/posts\/57709","targetHints":{"allow":["GET"]}}],"collection":[{"href":"https:\/\/zonaroja.com.mx\/index.php?rest_route=\/wp\/v2\/posts"}],"about":[{"href":"https:\/\/zonaroja.com.mx\/index.php?rest_route=\/wp\/v2\/types\/post"}],"author":[{"embeddable":true,"href":"https:\/\/zonaroja.com.mx\/index.php?rest_route=\/wp\/v2\/users\/2"}],"replies":[{"embeddable":true,"href":"https:\/\/zonaroja.com.mx\/index.php?rest_route=%2Fwp%2Fv2%2Fcomments&post=57709"}],"version-history":[{"count":1,"href":"https:\/\/zonaroja.com.mx\/index.php?rest_route=\/wp\/v2\/posts\/57709\/revisions"}],"predecessor-version":[{"id":57710,"href":"https:\/\/zonaroja.com.mx\/index.php?rest_route=\/wp\/v2\/posts\/57709\/revisions\/57710"}],"wp:featuredmedia":[{"embeddable":true,"href":"https:\/\/zonaroja.com.mx\/index.php?rest_route=\/wp\/v2\/media\/57703"}],"wp:attachment":[{"href":"https:\/\/zonaroja.com.mx\/index.php?rest_route=%2Fwp%2Fv2%2Fmedia&parent=57709"}],"wp:term":[{"taxonomy":"category","embeddable":true,"href":"https:\/\/zonaroja.com.mx\/index.php?rest_route=%2Fwp%2Fv2%2Fcategories&post=57709"},{"taxonomy":"post_tag","embeddable":true,"href":"https:\/\/zonaroja.com.mx\/index.php?rest_route=%2Fwp%2Fv2%2Ftags&post=57709"}],"curies":[{"name":"wp","href":"https:\/\/api.w.org\/{rel}","templated":true}]}}