{"id":5771,"date":"2019-11-15T20:44:01","date_gmt":"2019-11-16T02:44:01","guid":{"rendered":"http:\/\/www.zonaroja.com.mx\/?p=5771"},"modified":"2019-11-15T20:44:48","modified_gmt":"2019-11-16T02:44:48","slug":"anticipan-cuestionamientos-duros-a-funcionarios-en-congreso-local","status":"publish","type":"post","link":"https:\/\/zonaroja.com.mx\/?p=5771","title":{"rendered":"Anticipan cuestionamientos duros a funcionarios en Congreso local"},"content":{"rendered":"\n<p>Ismael Garc\u00eda M.\/Zona Roja.<\/p>\n\n\n\n<p>Oaxaca de Ju\u00e1rez, Oax., 15 de noviembre\nde 2019.- Los funcionarios que acudan a la glosa del Tercer Informe de Gobierno\ndeber\u00e1n rendir cuentas claras, precisas y transparentes y no ir \u201ccomo si fuera\nd\u00eda de fiesta, lucimiento personal y acarreo de trabajadores\u201d.<\/p>\n\n\n\n<p>As\u00ed lo advirti\u00f3 el presidente de la\nMesa Directiva de la 64 Legislatura, C\u00e9sar Morales Ni\u00f1o, al responder a nombre\ndel Congreso local el informe de actividades que entreg\u00f3 el titular del\nEjecutivo estatal, Alejandro Murat Hinojosa.<\/p>\n\n\n\n<p>Pero adem\u00e1s, destac\u00f3 los pendientes en\nla administraci\u00f3n gubernamental:<\/p>\n\n\n\n<p>\u201cLes anticipamos que habremos de cuestionarlos sobre los graves problemas que afectan a nuestra entidad, por ejemplo la inseguridad y los constantes robos con violencia a cuentahabientes, que en varios casos han tenido desenlaces fatales para las v\u00edctimas e impunidad para los delincuentes. <\/p>\n\n\n\n<p>\u201cAs\u00ed como de las ejecuciones, que\ndiariamente ocurren en las regiones de la Cuenca, el Istmo, la Costa, la Sierra\nSur y los Valles Centrales, en donde, en algunas ocasiones han sido polic\u00edas\nquienes han perdido la vida a manos de la delincuencia organizada.<\/p>\n\n\n\n<p>\u201cComo ocurri\u00f3 hace apenas una semana en los Coatlanes con la emboscada y muerte de cinco polic\u00edas preventivos o la ejecuci\u00f3n de un comandante en la zona de Etla y ni qu\u00e9 decir del linchamiento y muerte de un elemento de la Agencia Estatal de Investigaciones en Xanica, por mencionar solo los casos m\u00e1s recientes.<\/p>\n\n\n\n<figure class=\"wp-block-embed-twitter wp-block-embed is-type-rich is-provider-twitter\"><div class=\"wp-block-embed__wrapper\">\n<div class=\"twitter-tweet\"><blockquote class=\"twitter-tweet\" data-lang=\"es\"><p lang=\"es\" dir=\"ltr\">Esta fue la respuesta del presidente de la Mesa Directiva del <a href=\"https:\/\/twitter.com\/CongresoOaxLXIV?ref_src=twsrc%5Etfw\">@CongresoOaxLXIV<\/a>, <a href=\"https:\/\/twitter.com\/cesarmoralesn?ref_src=twsrc%5Etfw\">@cesarmoralesn<\/a>, al <a href=\"https:\/\/twitter.com\/hashtag\/TercerInformeOaxaca?src=hash&amp;ref_src=twsrc%5Etfw\">#TercerInformeOaxaca<\/a> de <a href=\"https:\/\/twitter.com\/alejandromurat?ref_src=twsrc%5Etfw\">@alejandromurat<\/a>, en que critic\u00f3 la inseguridad, los feminicidios, la nula obra p\u00fablica, entre otros. <a href=\"https:\/\/t.co\/jybDz8iy4L\">pic.twitter.com\/jybDz8iy4L<\/a><\/p>&mdash; Zona Roja Oaxaca (@MexRoja) <a href=\"https:\/\/twitter.com\/MexRoja\/status\/1195373293437632518?ref_src=twsrc%5Etfw\">15 de noviembre de 2019<\/a><\/blockquote><\/div>\n<\/div><\/figure>\n\n\n\n<p>\u201cEsperemos que el responsable de la\nSeguridad P\u00fablica de las oaxaque\u00f1as y oaxaque\u00f1os traiga respuestas puntuales,\nque venga e informe sobre las estrategias de inteligencia que ha implementado\nel actual gobierno en materia de prevenci\u00f3n del delito, de la coordinaci\u00f3n que\ntiene con el gobierno federal, cu\u00e1l ha sido su resultado y cu\u00e1l ha sido la\nresponsabilidad de la autoridad correspondiente en estos lamentables\nacontecimientos\u201d, dijo.<\/p>\n\n\n\n<p>A\u00f1adi\u00f3 que tampoco se puede dejar de\nmencionar uno de los mayores males que afectan a la sociedad y que son los\nfeminicidios y la violencia en contra de las mujeres.<\/p>\n\n\n\n<p>\u201cEl cual tenemos que reconocer que ha\nido a la baja, aunque lamentablemente, ayer una organizaci\u00f3n de la sociedad\ncivil daba cuenta de 370 casos de feminicidios en los \u00faltimos tres a\u00f1os, ni una\nmuerta m\u00e1s, vivas las queremos\u201d.<\/p>\n\n\n\n<p>El legislador por el Partido del\nTrabajo expuso que otro tema pendiente de atenci\u00f3n es la reconstrucci\u00f3n de los\nda\u00f1os causados por los terremotos de 2017, pues a m\u00e1s de dos a\u00f1os del desastre,\nfalta mucho por hacer para que las familias que perdieron su vivienda tengan un\nlugar digno donde vivir y abandonen los escombros en que aun se encuentran sus\nmoradas.<\/p>\n\n\n\n<p>\u201cPero sobre todo, para encarcelar a\nempresarios y servidores p\u00fablicos locales y federales que se aprovecharon de la\ndesgracia humana y se robaron los recursos destinados a la reconstrucci\u00f3n.<\/p>\n\n\n\n<p>\u201cY ya que hablamos de infraestructura,\nojal\u00e1 se\u00f1or gobernador veamos en esta segunda mitad de su sexenio un cambio en\nla pol\u00edtica p\u00fablica de este sector, porque en los tres primeros a\u00f1os la\natenci\u00f3n a las carreteras estatales ha sido mala y hoy la mayor\u00eda se encuentra\nen p\u00e9simas condiciones. <\/p>\n\n\n\n<p>\u201cEn ese mismo periodo tambi\u00e9n ha sido\nraqu\u00edtica la mezcla de recursos con las autoridades municipales para la\nrealizaci\u00f3n de obras de infraestructura b\u00e1sica. Y en general la inversi\u00f3n en\nobra p\u00fablica ha sido muy escasa\u201d, manifest\u00f3.<\/p>\n\n\n\n<p>\u201cHay que mencionar que recientemente\neste Congreso le aprob\u00f3 un financiamiento de tres mil 500 millones de pesos\npara aplicar en los pr\u00f3ximos dos a\u00f1os en la realizaci\u00f3n de obras estrat\u00e9gicas\nen todo el estado, y por esa raz\u00f3n exigimos respetuosamente un cambio real en\nla pol\u00edtica p\u00fablica del sector\u201d, dijo. <\/p>\n\n\n\n<p>\u201cSin duda hay otros temas prioritarios\nque quisiera mencionar a detalle como es el desorden y violencia en el\ntransporte p\u00fablico, que nos pone muy lejos del derecho humano a la movilidad y\ncon ello el acceso a derechos tan fundamentales como es a la salud, la\neducaci\u00f3n y el trabajo. Y ni que decir de la falta de atenci\u00f3n al campo y la\ninoperancia de la dependencia correspondiente\u201d, abund\u00f3.<\/p>\n\n\n\n<p>Pidi\u00f3 al gobernador Murat reflexionar\nsobre lo que ha hecho y lo que falta, pero sobre todo de lo que se puede\nesperar los pr\u00f3ximos tres a\u00f1os.<\/p>\n\n\n\n<p>\u201cEl Congreso del Estado, a\u00fan cuando\ntiene mayor\u00eda opositora al partido en el gobierno local, ha mostrado que su\nprioridad es atender los grandes problemas de Oaxaca y ha sido un aliado de su\ngobierno en las responsabilidades que le corresponden\u201d, remat\u00f3.<\/p>\n","protected":false},"excerpt":{"rendered":"<p>Ismael Garc\u00eda M.\/Zona Roja. Oaxaca de Ju\u00e1rez, Oax., 15 de noviembre de 2019.- Los funcionarios&hellip;<\/p>\n","protected":false},"author":2,"featured_media":5772,"comment_status":"closed","ping_status":"open","sticky":false,"template":"","format":"standard","meta":{"_lmt_disableupdate":"","_lmt_disable":"","_jetpack_memberships_contains_paid_content":false,"footnotes":""},"categories":[109,47],"tags":[213,612],"class_list":["post-5771","post","type-post","status-publish","format-standard","has-post-thumbnail","hentry","category-minuto-a-minuto","category-zona-gris","tag-64-legislatura-de-oaxaca","tag-cesar-morales-nino"],"jetpack_featured_media_url":"https:\/\/zonaroja.com.mx\/wp-content\/uploads\/2019\/11\/Informe-C\u00e9sar-Morales-Ni\u00f1o.jpg","jetpack_sharing_enabled":true,"_links":{"self":[{"href":"https:\/\/zonaroja.com.mx\/index.php?rest_route=\/wp\/v2\/posts\/5771","targetHints":{"allow":["GET"]}}],"collection":[{"href":"https:\/\/zonaroja.com.mx\/index.php?rest_route=\/wp\/v2\/posts"}],"about":[{"href":"https:\/\/zonaroja.com.mx\/index.php?rest_route=\/wp\/v2\/types\/post"}],"author":[{"embeddable":true,"href":"https:\/\/zonaroja.com.mx\/index.php?rest_route=\/wp\/v2\/users\/2"}],"replies":[{"embeddable":true,"href":"https:\/\/zonaroja.com.mx\/index.php?rest_route=%2Fwp%2Fv2%2Fcomments&post=5771"}],"version-history":[{"count":2,"href":"https:\/\/zonaroja.com.mx\/index.php?rest_route=\/wp\/v2\/posts\/5771\/revisions"}],"predecessor-version":[{"id":5774,"href":"https:\/\/zonaroja.com.mx\/index.php?rest_route=\/wp\/v2\/posts\/5771\/revisions\/5774"}],"wp:featuredmedia":[{"embeddable":true,"href":"https:\/\/zonaroja.com.mx\/index.php?rest_route=\/wp\/v2\/media\/5772"}],"wp:attachment":[{"href":"https:\/\/zonaroja.com.mx\/index.php?rest_route=%2Fwp%2Fv2%2Fmedia&parent=5771"}],"wp:term":[{"taxonomy":"category","embeddable":true,"href":"https:\/\/zonaroja.com.mx\/index.php?rest_route=%2Fwp%2Fv2%2Fcategories&post=5771"},{"taxonomy":"post_tag","embeddable":true,"href":"https:\/\/zonaroja.com.mx\/index.php?rest_route=%2Fwp%2Fv2%2Ftags&post=5771"}],"curies":[{"name":"wp","href":"https:\/\/api.w.org\/{rel}","templated":true}]}}