{"id":57711,"date":"2023-07-18T21:07:34","date_gmt":"2023-07-19T02:07:34","guid":{"rendered":"http:\/\/www.zonaroja.com.mx\/?p=57711"},"modified":"2023-07-18T21:07:36","modified_gmt":"2023-07-19T02:07:36","slug":"escala-violencia-criminan-en-oaxaca-en-guelaguetza-hoy-tres-asesinados","status":"publish","type":"post","link":"https:\/\/zonaroja.com.mx\/?p=57711","title":{"rendered":"Escala violencia criminan en Oaxaca en Guelaguetza; hoy tres asesinados"},"content":{"rendered":"\n<p>Ismael Garc\u00eda M.\/Zona Roja.<\/p>\n\n\n\n<p>Oaxaca de Ju\u00e1rez, Oax., a 18 de julio de 2023.- En plenas fiestas de la Guelaguetza, la violencia escala en Oaxaca y este martes, tres personas fueron asesinadas, adem\u00e1s de que fue localizada una osamenta en la regi\u00f3n Valles Centrales.<\/p>\n\n\n\n<p>Alrededor de las 13:00 horas de hoy, al menos dos sujetos apu\u00f1alaron a un turista originario del Estado de M\u00e9xico, en la calle Jes\u00fas Carranza, entre Garc\u00eda Vigil y Porfirio D\u00edaz.<\/p>\n\n\n\n<p>Pese a efectuarse el crimen a la luz del d\u00eda y en pleno coraz\u00f3n del Centro Hist\u00f3rico, a una cuadra del templo de Santo Domingo de Guzm\u00e1n y a tres cuadras del z\u00f3calo, no hab\u00eda ning\u00fan polic\u00eda en la zona y los sujetos pudieron huir a pie.<\/p>\n\n\n\n<p>La v\u00edctima fue identificada como Jos\u00e9 Ortiz Gir\u00f3n, notario n\u00famero 113 con sede en Netzahualc\u00f3yotl, Estado de M\u00e9xico, y paseaba con su familia cuando fue ultimado con armas blancas.<\/p>\n\n\n\n<p>En un comunicado, la Fiscal\u00eda General del Estado de Oaxaca estableci\u00f3 como venganza personal, la principal l\u00ednea de investigaci\u00f3n del homicidio del hombre radicado en el Estado de M\u00e9xico.&nbsp;<\/p>\n\n\n\n<p>\u201cA partir de la obtenci\u00f3n de testimonios, se generaron las primeras hip\u00f3tesis, en las cuales se pudo saber de una serie de amenazas que la v\u00edctima hab\u00eda recibido recientemente, y que constituyen la principal l\u00ednea de investigaci\u00f3n de este hecho.<\/p>\n\n\n\n<p>\u201cDe acuerdo con las primeras versiones, la persona fallecida caminaba por la citada calle cuando fue atacada por dos individuos con arma punzocortante, sin que se le solicitara entregar objetos de valor, por lo que se descarta el m\u00f3vil de robo en este il\u00edcito\u201d, inform\u00f3.\u00a0<\/p>\n\n\n\n<figure class=\"wp-block-embed is-type-rich is-provider-twitter wp-block-embed-twitter\"><div class=\"wp-block-embed__wrapper\">\n<div class=\"twitter-tweet\"><blockquote class=\"twitter-tweet\" data-lang=\"es\"><p lang=\"es\" dir=\"ltr\"><a href=\"https:\/\/twitter.com\/hashtag\/%C3%9AltimoMinuto?src=hash&amp;ref_src=twsrc%5Etfw\">#\u00daltimoMinuto<\/a><br>De acuerdo con un video de una c\u00e1mara de seguridad, fueron dos personas las que asesinaron al turista originario del Estado de M\u00e9xico, en el Centro Hist\u00f3rico de la capital de <a href=\"https:\/\/twitter.com\/hashtag\/Oaxaca?src=hash&amp;ref_src=twsrc%5Etfw\">#Oaxaca<\/a>; huyeron a pie, sin que hubiera polic\u00edas en la zona para interceptarlos o\u2026 <a href=\"https:\/\/t.co\/VzFONdxbwP\">pic.twitter.com\/VzFONdxbwP<\/a><\/p>&mdash; Zona Roja Oaxaca (@ZonaRoja_Oaxaca) <a href=\"https:\/\/twitter.com\/ZonaRoja_Oaxaca\/status\/1681429287969193984?ref_src=twsrc%5Etfw\">18 de julio de 2023<\/a><\/blockquote><\/div>\n<\/div><\/figure>\n\n\n\n<p>M\u00c1S EJECUCIONES<\/p>\n\n\n\n<p>Este mismo d\u00eda pero en el municipio de Mat\u00edas Romero Avenda\u00f1o, regi\u00f3n del Istmo de Tehuantepec, una persona del sexo masculino fue ejecutada a balazos.<\/p>\n\n\n\n<p>El crimen se perpetr\u00f3 en la calle Primero de Mayo del Barrio Nuevo, en que sujetos a bordo dispararon contra el individuo, de oficio carnicero, e identificado de manera preliminar como Ramiro R. C.<\/p>\n\n\n\n<p>Tambi\u00e9n este martes pero por la ma\u00f1ana, en la localidad de Cerro Mojarra, del municipio de San Juan Cotzoc\u00f3n Mixe, fue asesinado a machetazos el comandante de la polic\u00eda local de San Felipe Zihualtepec.<\/p>\n\n\n\n<p>Campesinos que acud\u00edan a trabajar sus tierras hallaron el cuerpo sin vida de Reyes G. R., por lo cual dieron aviso a las autoridades municipales.<\/p>\n\n\n\n<p>En ambos casos no se ha establecido el m\u00f3vil del crimen y tampoco hay personas detenidas.<\/p>\n\n\n\n<p>Por otra parte, en la localidad de Soledad, Etla, en la regi\u00f3n Valles Centrales, fueron halladas osamentas humanas, en el paraje \u201cEl Carmen\u201d de la agencia de El Sabino.<\/p>\n\n\n\n<p>Por lo cual personal de la Fiscal\u00eda General del Estado de Oaxaca acudi\u00f3 a la zona para levantar las evidencias e iniciar la Carpeta de Investigaci\u00f3n Correspondiente.<\/p>\n\n\n\n<p>Mientras tanto, la noche de ayer sujetos armados asaltaron con violencia un local comercial en el municipio de Heroica Ciudad de Tlaxiaco, en la regi\u00f3n Mixteca del estado.<\/p>\n\n\n\n<p>Se trata de una tienda de abarrotes ubicada en la calle de Morelos esquina con Fray Lucero, donde al menos tres hombres y una mujer ingresaron y con armas de fuego amagaron a los trabajadores; pero adem\u00e1s de robar el dinero y mercanc\u00eda, golpearon a los empleados, tras lo cual huyeron.<\/p>\n","protected":false},"excerpt":{"rendered":"<p>Ismael Garc\u00eda M.\/Zona Roja. Oaxaca de Ju\u00e1rez, Oax., a 18 de julio de 2023.- En&hellip;<\/p>\n","protected":false},"author":2,"featured_media":57712,"comment_status":"closed","ping_status":"open","sticky":false,"template":"","format":"standard","meta":{"_lmt_disableupdate":"","_lmt_disable":"","_jetpack_memberships_contains_paid_content":false,"footnotes":""},"categories":[109,51],"tags":[228,148,1135],"class_list":["post-57711","post","type-post","status-publish","format-standard","has-post-thumbnail","hentry","category-minuto-a-minuto","category-zona-roja","tag-matias-romero-avendano","tag-oaxaca-de-juarez","tag-san-juan-cotzocon-mixe"],"jetpack_featured_media_url":"https:\/\/zonaroja.com.mx\/wp-content\/uploads\/2023\/07\/Notario-asesinado-ciudad-de-Oaxaca.jpg","jetpack_sharing_enabled":true,"_links":{"self":[{"href":"https:\/\/zonaroja.com.mx\/index.php?rest_route=\/wp\/v2\/posts\/57711","targetHints":{"allow":["GET"]}}],"collection":[{"href":"https:\/\/zonaroja.com.mx\/index.php?rest_route=\/wp\/v2\/posts"}],"about":[{"href":"https:\/\/zonaroja.com.mx\/index.php?rest_route=\/wp\/v2\/types\/post"}],"author":[{"embeddable":true,"href":"https:\/\/zonaroja.com.mx\/index.php?rest_route=\/wp\/v2\/users\/2"}],"replies":[{"embeddable":true,"href":"https:\/\/zonaroja.com.mx\/index.php?rest_route=%2Fwp%2Fv2%2Fcomments&post=57711"}],"version-history":[{"count":1,"href":"https:\/\/zonaroja.com.mx\/index.php?rest_route=\/wp\/v2\/posts\/57711\/revisions"}],"predecessor-version":[{"id":57713,"href":"https:\/\/zonaroja.com.mx\/index.php?rest_route=\/wp\/v2\/posts\/57711\/revisions\/57713"}],"wp:featuredmedia":[{"embeddable":true,"href":"https:\/\/zonaroja.com.mx\/index.php?rest_route=\/wp\/v2\/media\/57712"}],"wp:attachment":[{"href":"https:\/\/zonaroja.com.mx\/index.php?rest_route=%2Fwp%2Fv2%2Fmedia&parent=57711"}],"wp:term":[{"taxonomy":"category","embeddable":true,"href":"https:\/\/zonaroja.com.mx\/index.php?rest_route=%2Fwp%2Fv2%2Fcategories&post=57711"},{"taxonomy":"post_tag","embeddable":true,"href":"https:\/\/zonaroja.com.mx\/index.php?rest_route=%2Fwp%2Fv2%2Ftags&post=57711"}],"curies":[{"name":"wp","href":"https:\/\/api.w.org\/{rel}","templated":true}]}}