{"id":57714,"date":"2023-07-18T22:16:19","date_gmt":"2023-07-19T03:16:19","guid":{"rendered":"http:\/\/www.zonaroja.com.mx\/?p=57714"},"modified":"2023-07-18T22:16:33","modified_gmt":"2023-07-19T03:16:33","slug":"opinion-el-oaxaca-injusto","status":"publish","type":"post","link":"https:\/\/zonaroja.com.mx\/?p=57714","title":{"rendered":"Opini\u00f3n. El Oaxaca injusto"},"content":{"rendered":"\n<p>N\u00e9stor Y. S\u00e1nchez Islas.<\/p>\n\n\n\n<p>La narrativa construida en Oaxaca a lo largo de los siglos nos lleva a pensar de inmediato, cuando hablamos de injusticia, en los habitantes de alguna comunidad ind\u00edgena v\u00edctimas de la desigualdad, o de&nbsp;las iempre lenta, ineficaz y corrupta impartici\u00f3n de justicia en&nbsp;la&nbsp;que, normalmente, el que posee los medios econ\u00f3micos o las influencias necesarias, sale&nbsp;ganador.<\/p>\n\n\n\n<p>Esta narrativa victimista ha construido tambi\u00e9n una serie de organizaciones y colectivos dedicados al chantaje. Muchos de los mismos que hoy nos gobiernan han sido protagonistas de ello. Ahora que les toca ser gobierno demuestran que sirven para poca cosa.<\/p>\n\n\n\n<p>Lo de hoy es celebrar al m\u00e1s grit\u00f3n y dram\u00e1tico. En el caso de los estudiantes, el m\u00e1s popular es el que menos estudia, en el caso de la pol\u00edtica el m\u00e1s aceptado es el m\u00e1s est\u00fapido&nbsp;y ladr\u00f3n.<\/p>\n\n\n\n<p>El mundo es injusto por naturaleza, pero nuestro deber es tratar de equilibrarlo y visibilizar el trabajo de j\u00f3venes oaxaque\u00f1os&nbsp;que,&nbsp;con pocos recursos, pero muchas ganas,&nbsp;hacen m\u00e1s por todos nosotros que los cientos de redentores que pululan por los pasillos del poder.<\/p>\n\n\n\n<p>Gracias a una llamada telef\u00f3nica del Dr. Javier Toledo Flores pudimos conocer el trabajo de una joven cient\u00edfica oaxaque\u00f1a empe\u00f1ada en una investigaci\u00f3n que, una vez concluida, ayudar\u00e1 a salvar vidas.&nbsp;<\/p>\n\n\n\n<p>De forma muy discreta ella, y otros j\u00f3venes estudiantes de maestr\u00edas y doctorados, trabajan para encontrar tratamientos nuevos para&nbsp;enfermedades&nbsp;como la tuberculosis, una muy antigua y conocida&nbsp;compa\u00f1era de la humanidad.<\/p>\n\n\n\n<p>La joven cient\u00edfica, Edith Bernab\u00e9 P\u00e9rez, originaria de la mixteca es candidata a doctora en biomedicina por la UABJO. Su proyecto de investigaci\u00f3n es impactante: \u201cProducci\u00f3n recombinante de la bacteriocina EMM1 y su evaluaci\u00f3n sobre aislados cl\u00ednicos&nbsp;multidrogo-resistentes\u201d.&nbsp;<\/p>\n\n\n\n<p>En una lenguaje m\u00e1s f\u00e1cil de&nbsp;comprender, ella est\u00e1 usando t\u00e9cnicas de ingenier\u00eda gen\u00e9tica para desarrollar nuevos f\u00e1rmacos contra&nbsp;bacterias resistentes, en este caso, para&nbsp;eliminar&nbsp;la poderosa bacteria que produce la tuberculosis&nbsp;y que en Oaxaca y en el mundo entero est\u00e1 de regreso, con mucha fuerza y con el riesgo de convertirse en pandemia.<\/p>\n\n\n\n<p>Como muchos otros investigadores ha resentido la disminuci\u00f3n de recursos por parte de las autoridades federales en este sexenio. Pero a pesar de ello, con apoyo de sus profesores y habiendo transitado por los poderosos laboratorios del Cinvestav en Irapuato&nbsp;y del&nbsp;avanzado Centro de Ciencias&nbsp;de la UNAM, est\u00e1 tratando de concluir esta primera etapa experimental en el Laboratorio de Biolog\u00eda Molecular de la Facultad de Medicina de la UABJO.<\/p>\n\n\n\n<p>Como la mayor\u00eda de los j\u00f3venes apasionados del estudio y la superaci\u00f3n personal, es una persona muy discreta que, por el hecho de ser mujer, ha tenido que realizar un esfuerzo mayor para llegar al lugar que se est\u00e1 ganando.<\/p>\n\n\n\n<p>No busca la gloria personal, pero acepta que su trabajo se difunda para ense\u00f1arle a otros j\u00f3venes que s\u00ed se puede.&nbsp;<\/p>\n\n\n\n<p>El hecho de ser mujer o de haber nacido en una peque\u00f1a comunidad no son limitantes porque todos nacemos&nbsp;con la capacidad intelectual para desarrollarnos.<\/p>\n\n\n\n<p>Su trabajo, como el de muchos otros cient\u00edficos carece de difusi\u00f3n porque a la gran masa no le interesan estos temas. La gente prefiere ver el futbol, las telenovelas o videojuegos.&nbsp;<\/p>\n\n\n\n<p>Es profundamente injusto, y la pandemia lo demostr\u00f3. Tienen m\u00e1s atenci\u00f3n, difusi\u00f3n y recursos un equipo de futbol que un equipo de cient\u00edficos que puede desarrollar tratamientos que salvan a la humanidad.&nbsp;<\/p>\n\n\n\n<p>Este trabajo de ingenier\u00eda gen\u00e9tica, al final, no le pertenecer\u00e1. Los derechos sobre su trabajo intelectual quedar\u00e1n en manos de las instituciones del Estado que, si bien nos va, podr\u00eda financiar&nbsp;la&nbsp;conclusi\u00f3n de&nbsp;\u00e9ste hasta obtener un medicamento eficaz. Como en todas las instituciones existe una gran burocracia y mafias que, buscando siempre su beneficio personal, o les quitan el cr\u00e9dito a los investigadores originales o los orillar\u00e1n a irse no solo a centros privados sino al extranjero en donde pueden ser mejor valorados.<\/p>\n\n\n\n<p>As\u00ed como Edith hay otros j\u00f3venes oaxaque\u00f1os que han alcanzado lugares en centros de investigaci\u00f3n de las fronteras del conocimiento. La doctora Gisela Ortiz Le\u00f3n fue parte del equipo cient\u00edfico que pudo obtener la primera fotograf\u00eda de un hoyo negro.&nbsp;<\/p>\n\n\n\n<p>El doctor Alejandro Cabrera Fuentes, preso hoy en los Estados Unidos por espiar para el r\u00e9gimen de Putin, en su momento se le reconoci\u00f3 como uno de los mejores doctores en microbiolog\u00eda del mundo.<\/p>\n\n\n\n<p>No hay ni calles ni colonias que lleven sus nombres, aunque s\u00ed tenemos muchas que llevan el nombre de pol\u00edticos ladrones. No se pasean por el mundo gritando que son luchadores sociales, pero su trabajo en sus laboratorios encuentra curas para los males de la humanidad.<\/p>\n\n\n\n<p>Es indispensable cambiar la narrativa oaxaque\u00f1a. El victimismo que tanto gusta y conmueve voluntades no produce&nbsp;nada,&nbsp;pero consume muchos recursos&nbsp;que se van a la basura&nbsp;en lugar de apoyar a estos talentos.<\/p>\n\n\n\n<p>nestoryuri@yahoo.com<\/p>\n","protected":false},"excerpt":{"rendered":"<p>N\u00e9stor Y. S\u00e1nchez Islas. La narrativa construida en Oaxaca a lo largo de los siglos&hellip;<\/p>\n","protected":false},"author":2,"featured_media":41861,"comment_status":"closed","ping_status":"open","sticky":false,"template":"","format":"standard","meta":{"_lmt_disableupdate":"","_lmt_disable":"","_jetpack_memberships_contains_paid_content":false,"footnotes":""},"categories":[456,109],"tags":[3050],"class_list":["post-57714","post","type-post","status-publish","format-standard","has-post-thumbnail","hentry","category-columna","category-minuto-a-minuto","tag-nestor-yuri-sanchez"],"jetpack_featured_media_url":"https:\/\/zonaroja.com.mx\/wp-content\/uploads\/2022\/05\/Opinion-Nestor-Yuri-Sanchez-Islas.jpg","jetpack_sharing_enabled":true,"_links":{"self":[{"href":"https:\/\/zonaroja.com.mx\/index.php?rest_route=\/wp\/v2\/posts\/57714","targetHints":{"allow":["GET"]}}],"collection":[{"href":"https:\/\/zonaroja.com.mx\/index.php?rest_route=\/wp\/v2\/posts"}],"about":[{"href":"https:\/\/zonaroja.com.mx\/index.php?rest_route=\/wp\/v2\/types\/post"}],"author":[{"embeddable":true,"href":"https:\/\/zonaroja.com.mx\/index.php?rest_route=\/wp\/v2\/users\/2"}],"replies":[{"embeddable":true,"href":"https:\/\/zonaroja.com.mx\/index.php?rest_route=%2Fwp%2Fv2%2Fcomments&post=57714"}],"version-history":[{"count":1,"href":"https:\/\/zonaroja.com.mx\/index.php?rest_route=\/wp\/v2\/posts\/57714\/revisions"}],"predecessor-version":[{"id":57715,"href":"https:\/\/zonaroja.com.mx\/index.php?rest_route=\/wp\/v2\/posts\/57714\/revisions\/57715"}],"wp:featuredmedia":[{"embeddable":true,"href":"https:\/\/zonaroja.com.mx\/index.php?rest_route=\/wp\/v2\/media\/41861"}],"wp:attachment":[{"href":"https:\/\/zonaroja.com.mx\/index.php?rest_route=%2Fwp%2Fv2%2Fmedia&parent=57714"}],"wp:term":[{"taxonomy":"category","embeddable":true,"href":"https:\/\/zonaroja.com.mx\/index.php?rest_route=%2Fwp%2Fv2%2Fcategories&post=57714"},{"taxonomy":"post_tag","embeddable":true,"href":"https:\/\/zonaroja.com.mx\/index.php?rest_route=%2Fwp%2Fv2%2Ftags&post=57714"}],"curies":[{"name":"wp","href":"https:\/\/api.w.org\/{rel}","templated":true}]}}