{"id":57716,"date":"2023-07-18T22:53:45","date_gmt":"2023-07-19T03:53:45","guid":{"rendered":"http:\/\/www.zonaroja.com.mx\/?p=57716"},"modified":"2023-07-18T22:53:48","modified_gmt":"2023-07-19T03:53:48","slug":"vive-oaxaca-enesima-jornada-de-bloqueos-carreteros-y-protestas","status":"publish","type":"post","link":"https:\/\/zonaroja.com.mx\/?p=57716","title":{"rendered":"Vive Oaxaca en\u00e9sima jornada de bloqueos carreteros y protestas"},"content":{"rendered":"\n<p>Ismael Garc\u00eda M.\/Zona Roja.<\/p>\n\n\n\n<p>Oaxaca de Ju\u00e1rez, Oax., a 18 de julio de 2023.- Apenas culmin\u00f3 el primer Lunes del Cerro de la Guelaguetza y las protestas sociales reanudaron.<\/p>\n\n\n\n<p>Desde las siete de la ma\u00f1ana, por un conflicto sindical, trabajadores cerraron el Centro de Salud Urbano 1 de la capital, dependiente de los Servicios de Salud de Oaxaca, a fin de presionar a una soluci\u00f3n por la designaci\u00f3n de una delegada.<\/p>\n\n\n\n<p>Tambi\u00e9n la ma\u00f1ana de hoy, el Frente Popular Revolucionario (FPR) denunci\u00f3 que la autoridad municipal de Asunci\u00f3n Nochixtl\u00e1n, retir\u00f3 con el uso de la fuerza p\u00fablica a un grupo de comerciantes.<\/p>\n\n\n\n<p>Ante ello, y la falta de di\u00e1logo, bloquearon por unas horas la supercarretera Oaxaca-Cuacnopalan, en inmediaciones de dicho municipio, con el cual obligaron al edil a recular en su medida y a resolver la problem\u00e1tica, despu\u00e9s del mediod\u00eda.<\/p>\n\n\n\n<p>Igualmente en la capital, integrantes del Frente Ind\u00edgena de Pueblos Olvidados de Oaxaca (FIPOO), bloqueo el acceso al palacio municipal de Oaxaca de Ju\u00e1rez, as\u00ed como la avenida Morelos.<\/p>\n\n\n\n<p>Lo anterior para denunciar nulos apoyos a los colonos, por parte del presidente municipal Francisco Mart\u00ednez Neri; tras una mesa de trabajo, al mediod\u00eda retiraron su protesta.<\/p>\n\n\n\n<p>Mientras tanto, por segunda semana consecutiva, transportistas cerraron la carretera Tlaxiaco-Putla Villa de Guerrero, en jurisdicci\u00f3n de este municipio, a fin de insistir en la liberaci\u00f3n de una unidad de motor, retenida por la Polic\u00eda Vial del Estado.<\/p>\n\n\n\n<p>Mientras que en la regi\u00f3n de la Cuenca, pobladores de la localidad La Joya, del municipio de Santiago Jacatepec, bloquearon la carretera que comunica a la Cuenca con el Istmo, para denunciar que, por ineficacia de la Comisi\u00f3n Federal de Electricidad, llevaban 15 d\u00edas sin energ\u00eda el\u00e9ctrica.<\/p>\n","protected":false},"excerpt":{"rendered":"<p>Ismael Garc\u00eda M.\/Zona Roja. Oaxaca de Ju\u00e1rez, Oax., a 18 de julio de 2023.- Apenas&hellip;<\/p>\n","protected":false},"author":2,"featured_media":57717,"comment_status":"closed","ping_status":"open","sticky":false,"template":"","format":"standard","meta":{"_lmt_disableupdate":"","_lmt_disable":"","_jetpack_memberships_contains_paid_content":false,"footnotes":""},"categories":[109,47],"tags":[2264,148],"class_list":["post-57716","post","type-post","status-publish","format-standard","has-post-thumbnail","hentry","category-minuto-a-minuto","category-zona-gris","tag-bloqueos-y-protestas-oaxaca","tag-oaxaca-de-juarez"],"jetpack_featured_media_url":"https:\/\/zonaroja.com.mx\/wp-content\/uploads\/2023\/07\/Bloqueo-FiPOO-ciudad-de-Oaxaca.jpg","jetpack_sharing_enabled":true,"_links":{"self":[{"href":"https:\/\/zonaroja.com.mx\/index.php?rest_route=\/wp\/v2\/posts\/57716","targetHints":{"allow":["GET"]}}],"collection":[{"href":"https:\/\/zonaroja.com.mx\/index.php?rest_route=\/wp\/v2\/posts"}],"about":[{"href":"https:\/\/zonaroja.com.mx\/index.php?rest_route=\/wp\/v2\/types\/post"}],"author":[{"embeddable":true,"href":"https:\/\/zonaroja.com.mx\/index.php?rest_route=\/wp\/v2\/users\/2"}],"replies":[{"embeddable":true,"href":"https:\/\/zonaroja.com.mx\/index.php?rest_route=%2Fwp%2Fv2%2Fcomments&post=57716"}],"version-history":[{"count":1,"href":"https:\/\/zonaroja.com.mx\/index.php?rest_route=\/wp\/v2\/posts\/57716\/revisions"}],"predecessor-version":[{"id":57718,"href":"https:\/\/zonaroja.com.mx\/index.php?rest_route=\/wp\/v2\/posts\/57716\/revisions\/57718"}],"wp:featuredmedia":[{"embeddable":true,"href":"https:\/\/zonaroja.com.mx\/index.php?rest_route=\/wp\/v2\/media\/57717"}],"wp:attachment":[{"href":"https:\/\/zonaroja.com.mx\/index.php?rest_route=%2Fwp%2Fv2%2Fmedia&parent=57716"}],"wp:term":[{"taxonomy":"category","embeddable":true,"href":"https:\/\/zonaroja.com.mx\/index.php?rest_route=%2Fwp%2Fv2%2Fcategories&post=57716"},{"taxonomy":"post_tag","embeddable":true,"href":"https:\/\/zonaroja.com.mx\/index.php?rest_route=%2Fwp%2Fv2%2Ftags&post=57716"}],"curies":[{"name":"wp","href":"https:\/\/api.w.org\/{rel}","templated":true}]}}