{"id":57722,"date":"2023-07-19T07:44:48","date_gmt":"2023-07-19T12:44:48","guid":{"rendered":"http:\/\/www.zonaroja.com.mx\/?p=57722"},"modified":"2023-07-19T07:44:51","modified_gmt":"2023-07-19T12:44:51","slug":"maestra-denuncia-a-pareja-de-agresores-en-edomex-la-contrademandan","status":"publish","type":"post","link":"https:\/\/zonaroja.com.mx\/?p=57722","title":{"rendered":"Maestra denuncia a pareja de agresores en Edomex; la contrademandan"},"content":{"rendered":"\n<p>Redacci\u00f3n\/Zona Roja Cdmx.<\/p>\n\n\n\n<p>Ciudad de M\u00e9xico, a 19 de julio de 2023.- Luego de que se viraliz\u00f3 los videos de la agresi\u00f3n a la maestra de k\u00ednder \u201cFrida Khalo\u201d en Cuautitl\u00e1n Izcalli, Estado de M\u00e9xico, la v\u00edctima sali\u00f3 a detallar los hechos, en donde asegur\u00f3 recibi\u00f3 amenazas de muerte. La mujer ya present\u00f3 la denuncia correspondiente ante las autoridades de la Fiscal\u00eda General del Estado de M\u00e9xico.<\/p>\n\n\n\n<p>En entrevista a la periodista Azucena Uresti, Brenda, como se dio a conocer, mencion\u00f3 que ella no conoc\u00eda a los padres del menor, pues hab\u00eda comenzado a trabajar con el grupo desde hace una semana atr\u00e1s, ante la falta de maestra. No obstante, fue agredida por los padres sin poder explicar estos hechos.<\/p>\n\n\n\n<p>De acuerdo con su testimonio, en un principio los padres del menor buscaron a la directora para hablar sobre problemas con su hijo, no obstante, fueron atendidos por la docente, quien, segundos despu\u00e9s, fue agredida por la madre a golpes.<\/p>\n\n\n\n<p>Brenda destac\u00f3 que la mujer la agarr\u00f3 del cabello y la jaloneo; asegur\u00f3 que ella no los conoc\u00eda y no sab\u00eda el porqu\u00e9 del ataque.<\/p>\n\n\n\n<p>\u201cEl pap\u00e1 se meti\u00f3, la mam\u00e1 me solt\u00f3 una cachetada y comenz\u00f3 a jalarme del cabello, en ese momento no entend\u00eda qu\u00e9 estaba pasando, solo llegaron a agredirme (\u2026) La mam\u00e1 me daba patadas y me dec\u00edan que no me volviera a meter con su hijo. La se\u00f1ora de cocina iba a pedir ayuda y la hincaron frente a una ventana para que viera como me pegaban\u201d, indic\u00f3 en entrevista.<\/p>\n\n\n\n<p>Adem\u00e1s, la maestra record\u00f3 que el padre del ni\u00f1o la persigui\u00f3 hasta los salones, mientras la amenazaba de muerte. Cabe mencionar que el ni\u00f1o presenci\u00f3 toda la escena mientras se re\u00eda y saltaba como se muestra en el video que ronda en redes sociales.<\/p>\n\n\n\n<p>\u201cMe regres\u00e9 al sal\u00f3n y el se\u00f1or me sigui\u00f3, me amenazaba diciendo que era la verga de Izcalli, que me iba a matar\u201d, apunt\u00f3.<\/p>\n\n\n\n<p>Brenda indic\u00f3 que en todo momento la pareja mantuvo una postura violenta y que ped\u00edan que se arrodillara para dar disculpas a su hijo. Aunado a esto, advertir\u00e1n a la docente para no volverse a meter con el ni\u00f1o.<\/p>\n\n\n\n<p>Los hechos fueron registrados el pasado lunes 17 de julio, no obstante, el material difundido en redes sociales un d\u00eda despu\u00e9s. Brenda acudi\u00f3 en compa\u00f1\u00eda de otra trabajadora del lugar a dar su declaraci\u00f3n, asegurando que se encontraba estable pero con lesiones en algunas partes del cuerpo. Destac\u00f3 que las autoridades mexiquense la han apoyado con seguridad ante las amenazas de la pareja.<\/p>\n\n\n\n<figure class=\"wp-block-embed is-type-rich is-provider-twitter wp-block-embed-twitter\"><div class=\"wp-block-embed__wrapper\">\n<div class=\"twitter-tweet\"><blockquote class=\"twitter-tweet\" data-lang=\"es\"><p lang=\"es\" dir=\"ltr\">\u00bfQu\u00e9 le parece? Una pareja ingres\u00f3 al k\u00ednder \u201cFrida Khalo\u201d, en Cuautitl\u00e1n Izcalli, Estado de M\u00e9xico, para golpear a una maestra, por supuestamente maltratar al hijo de ambos.\u00a0<br>\u201cVuelves a molestar a mi hijo y te voy a reventar la madre\u201d, amenaz\u00f3 el sujeto, presuntamente armado,\u2026 <a href=\"https:\/\/t.co\/SqVR6qygIN\">pic.twitter.com\/SqVR6qygIN<\/a><\/p>&mdash; Zona Roja Oaxaca (@ZonaRoja_Oaxaca) <a href=\"https:\/\/twitter.com\/ZonaRoja_Oaxaca\/status\/1681391550050205718?ref_src=twsrc%5Etfw\">18 de julio de 2023<\/a><\/blockquote><\/div>\n<\/div><\/figure>\n\n\n\n<p>SE ENTREGAN; LOS DETIENEN<\/p>\n\n\n\n<p>Cabe mencionar que ante la pol\u00e9mica, los agresores acudieron ayer por voluntad propia a la Fiscal\u00eda General de Justicia del Estado de M\u00e9xico a rendir sus testimonios. De acuerdo con informaci\u00f3n extra oficial a Infobae M\u00e9xico, los padres del menor tambi\u00e9n buscan poder una denuncia a la escuela por agresi\u00f3n al menor.<\/p>\n\n\n\n<p>De acuerdo con elementos de la polic\u00eda del Estado de M\u00e9xico, detuvieron a los agresores de la maestra. Los responsables fueron identificados como Jes\u00fas Adid \u201cN\u201d y a Laura \u201cN\u201d. Las autoridades destacaron que ambas personas fueron trasladadas al Centro de Justicia de la Fiscal\u00eda del Edomex, ubicada cerca del Tras ser detenidos y trasladados, presentaron una denuncia contra la maestra por presunto maltrato infantil hacia su hijo. Asimismo, ambos est\u00e1n compareciendo por el ataque a la maestra y la cocinera del colegio \u201cFrida Kahlo\u201d.<\/p>\n\n\n\n<p>Desde que arribaron ante las autoridades, dieron a conocer que buscaban poner una denuncia a la escuela precisamente por agresi\u00f3n al menor.<\/p>\n\n\n\n<p>LLUEVEN DENUNCIAS<\/p>\n\n\n\n<p>Adem\u00e1s de la acusaci\u00f3n por agresiones contra la profesora, Jes\u00fas Adid \u201cN\u201d cuenta con otras dos denuncias. Azucena Uresti dio a conocer ambos casos, el primero se trata de un vecino de Cuautitl\u00e1n Izcalli quien tambi\u00e9n fue agredido por el acusado.<\/p>\n\n\n\n<p>\u201cIba en una motoneta, nos lo encontramos de frente, me hecha la luz y le gritamos \u2018Oye, es doble sentido\u2019. Me mienta la madre, saca la pistola y nos empieza a corretear\u201d, explic\u00f3 el hombre amenazado por Jes\u00fas.<\/p>\n\n\n\n<p>El segundo ataque ocurri\u00f3 en 2020 y fue contra una de sus vecinas, a quien golpe\u00f3 junto con otras dos mujeres. La mujer opt\u00f3 por mudarse y alejarse de ese hombre, sin embargo en 2022 se lo volvi\u00f3 a encontrar y nuevamente le dio una golpiza.<\/p>\n\n\n\n<p>Ella ya ha sufrido violencia, incluso hubo tentativa de feminicidio. Por miedo, ella no se hab\u00eda animado a denunciar, pero el d\u00eda de hoy se levant\u00f3 la denuncia correspondiente. Ella ya est\u00e1 en su domicilio resguardada\u201d, indic\u00f3 el abogado de la vecina.<\/p>\n\n\n\n<p>El mismo lunes 17 de julio que ingresaron \u00e9l y su pareja \u201cLaura \u201cN\u201d a pegarle a la maestra, en el kinder \u201cFrida Kahlo\u201d. El periodista Carlos Jim\u00e9nez difundi\u00f3 im\u00e1genes del C5 del Edomex, donde se observa como durante la ma\u00f1ana iban bordo de un auto BMW, color blanco, cuando de pronto el hombre comenz\u00f3 a pelearse en el camino con el conductor de una camioneta del mismo color.<\/p>\n\n\n\n<p>Inclusive, las c\u00e1maras captaron que Jes\u00fas \u201cN\u201d sigui\u00f3 por varias calles a su v\u00edctima hasta que se lo encontr\u00f3 de frente y procedi\u00f3 a intimidarlo con un arma de fuego.<\/p>\n\n\n\n<p>(Informaci\u00f3n de Infobae M\u00e9xico)<\/p>\n","protected":false},"excerpt":{"rendered":"<p>Redacci\u00f3n\/Zona Roja Cdmx. Ciudad de M\u00e9xico, a 19 de julio de 2023.- Luego de que&hellip;<\/p>\n","protected":false},"author":2,"featured_media":57723,"comment_status":"closed","ping_status":"open","sticky":false,"template":"","format":"standard","meta":{"_lmt_disableupdate":"","_lmt_disable":"","_jetpack_memberships_contains_paid_content":false,"footnotes":""},"categories":[109,47],"tags":[1200],"class_list":["post-57722","post","type-post","status-publish","format-standard","has-post-thumbnail","hentry","category-minuto-a-minuto","category-zona-gris","tag-estado-de-mexico"],"jetpack_featured_media_url":"https:\/\/zonaroja.com.mx\/wp-content\/uploads\/2023\/07\/Pareja-agresores-kinder-Cuautitlan-Izcalli.jpeg","jetpack_sharing_enabled":true,"_links":{"self":[{"href":"https:\/\/zonaroja.com.mx\/index.php?rest_route=\/wp\/v2\/posts\/57722","targetHints":{"allow":["GET"]}}],"collection":[{"href":"https:\/\/zonaroja.com.mx\/index.php?rest_route=\/wp\/v2\/posts"}],"about":[{"href":"https:\/\/zonaroja.com.mx\/index.php?rest_route=\/wp\/v2\/types\/post"}],"author":[{"embeddable":true,"href":"https:\/\/zonaroja.com.mx\/index.php?rest_route=\/wp\/v2\/users\/2"}],"replies":[{"embeddable":true,"href":"https:\/\/zonaroja.com.mx\/index.php?rest_route=%2Fwp%2Fv2%2Fcomments&post=57722"}],"version-history":[{"count":1,"href":"https:\/\/zonaroja.com.mx\/index.php?rest_route=\/wp\/v2\/posts\/57722\/revisions"}],"predecessor-version":[{"id":57724,"href":"https:\/\/zonaroja.com.mx\/index.php?rest_route=\/wp\/v2\/posts\/57722\/revisions\/57724"}],"wp:featuredmedia":[{"embeddable":true,"href":"https:\/\/zonaroja.com.mx\/index.php?rest_route=\/wp\/v2\/media\/57723"}],"wp:attachment":[{"href":"https:\/\/zonaroja.com.mx\/index.php?rest_route=%2Fwp%2Fv2%2Fmedia&parent=57722"}],"wp:term":[{"taxonomy":"category","embeddable":true,"href":"https:\/\/zonaroja.com.mx\/index.php?rest_route=%2Fwp%2Fv2%2Fcategories&post=57722"},{"taxonomy":"post_tag","embeddable":true,"href":"https:\/\/zonaroja.com.mx\/index.php?rest_route=%2Fwp%2Fv2%2Ftags&post=57722"}],"curies":[{"name":"wp","href":"https:\/\/api.w.org\/{rel}","templated":true}]}}