{"id":57728,"date":"2023-07-19T11:30:00","date_gmt":"2023-07-19T16:30:00","guid":{"rendered":"http:\/\/www.zonaroja.com.mx\/?p=57728"},"modified":"2023-07-19T08:31:12","modified_gmt":"2023-07-19T13:31:12","slug":"niega-sectur-mexico-atencion-a-problemas-en-oaxaca-en-su-visita-por-guelaguetza","status":"publish","type":"post","link":"https:\/\/zonaroja.com.mx\/?p=57728","title":{"rendered":"Niega Sectur M\u00e9xico atenci\u00f3n a problemas en Oaxaca, en su visita por Guelaguetza"},"content":{"rendered":"\n<p>Yuridiana Sosa\/Zona Roja.<\/p>\n\n\n\n<p>Oaxaca de Ju\u00e1rez, Oax., a 19 de julio de 2023.- Pese a su presencia en la entidad para disfrutar de la Guelaguetza, el secretario de Turismo de M\u00e9xico, Miguel Torruco Marqu\u00e9s, neg\u00f3 atenci\u00f3n a diversos problemas que el sector tur\u00edstico de Oaxaca sufre.<\/p>\n\n\n\n<p>La presidenta de la asociaci\u00f3n civil Turismo Legal en M\u00e9xico, representaci\u00f3n en Oaxaca, Xitlalli Ruiz, denunci\u00f3 el desplante que recibi\u00f3 por parte del titular de Sectur al presentarle una serie de documentos en los que expone los diferentes problemas que deben resolverse, como son informalidad, clandestinidad y sostenibilidad.<\/p>\n\n\n\n<p>Torruco Marqu\u00e9s minimiz\u00f3 la solicitud de la represente del sector tur\u00edstico en Oaxaca de firmarle de recibido los oficios que le present\u00f3 al ser abordado a su salida del auditorio Guelaguetza luego de la primera presentaci\u00f3n del Lunes del Cerro.<\/p>\n\n\n\n<p>Xitlalli Ruiz exhibi\u00f3 el video que muestra su desafortunado encuentro con el secretario de Turismo, al que incluso ha buscado en sus oficinas, sin \u00e9xito.<\/p>\n\n\n\n<p>La presidenta dijo que insisti\u00f3 en que Torruco le firmara, pero no accedi\u00f3, y s\u00f3lo permiti\u00f3 que sus asistentes recibieran los documentos.<\/p>\n\n\n\n<p>Ruiz indic\u00f3 que consider\u00f3 que la presencia del titular de Sectur era una oportunidad para agendar una reuni\u00f3n entre los tres niveles de gobierno y los prestadores de servicios tur\u00edsticos.<\/p>\n\n\n\n<p>La gu\u00eda de turistas ha se\u00f1alado en sus redes sociales, en diferentes ocasiones, el descontento por la inacci\u00f3n de Torruco Marqu\u00e9s al sector.&nbsp;<\/p>\n\n\n\n<p>\u201c\u00a1Perfecto! Ya lleg\u00f3 a Oaxaca el m\u00e1s in\u00fatil secretario de Turismo de todos los tiempos. Un Secretario perdido, desorientado, indiferente, irresponsable, corrupto, vividor. Y justo ahora hay que recibirlo junto con su familia como virrey.<\/p>\n\n\n\n<p>Darle regalos, hospitalidad, paseos, privilegios\u201d, critic\u00f3 la presidenta de Turismo Legal.<\/p>\n\n\n\n<p>Xitlalli Ruiz tambi\u00e9n ha expuesto su descontento por las decisiones de la Secretar\u00eda de Turismo de Oaxaca que dirige Saymi Pineda, desde el inicio de la administraci\u00f3n y principalmente lo relacionado a la Guelaguetza.<\/p>\n\n\n\n<p>Como fue el caso de la obra seleccionada para ser la imagen oficial de la Guelaguetza, que en una primera convocatoria gan\u00f3 el estudiante Fernando Ramirez, a quien apoy\u00f3 para la realizaci\u00f3n reciente de un performance en el Centro Hist\u00f3rico que exhibi\u00f3 las incongruencias de la dependencia estatal.<\/p>\n\n\n\n<figure class=\"wp-block-embed is-type-rich is-provider-twitter wp-block-embed-twitter\"><div class=\"wp-block-embed__wrapper\">\n<div class=\"twitter-tweet\"><blockquote class=\"twitter-tweet\" data-lang=\"es\"><p lang=\"es\" dir=\"ltr\">Le dije a <a href=\"https:\/\/twitter.com\/TorrucoTurismo?ref_src=twsrc%5Etfw\">@TorrucoTurismo<\/a> que no hab\u00eda contestado mis escritos del a\u00f1o 2019 y que espero su respuesta desde entonces. Se neg\u00f3 a firmarme de recibido la copia simple de dichos documentos, como se ve en el video. <br>\u00bfMe contestar\u00e1 mientras sigue el festejo? <br>Espero tus comentarios <a href=\"https:\/\/t.co\/htE1QItipo\">pic.twitter.com\/htE1QItipo<\/a><\/p>&mdash; Xitlalli Ruiz (@XitlyRuiz) <a href=\"https:\/\/twitter.com\/XitlyRuiz\/status\/1681174992996773888?ref_src=twsrc%5Etfw\">18 de julio de 2023<\/a><\/blockquote><\/div>\n<\/div><\/figure>\n","protected":false},"excerpt":{"rendered":"<p>Yuridiana Sosa\/Zona Roja. Oaxaca de Ju\u00e1rez, Oax., a 19 de julio de 2023.- Pese a&hellip;<\/p>\n","protected":false},"author":2,"featured_media":57729,"comment_status":"closed","ping_status":"open","sticky":false,"template":"","format":"standard","meta":{"_lmt_disableupdate":"","_lmt_disable":"","_jetpack_memberships_contains_paid_content":false,"footnotes":""},"categories":[109,47],"tags":[],"class_list":["post-57728","post","type-post","status-publish","format-standard","has-post-thumbnail","hentry","category-minuto-a-minuto","category-zona-gris"],"jetpack_featured_media_url":"https:\/\/zonaroja.com.mx\/wp-content\/uploads\/2023\/07\/Visita-Miguel-Torruco-Oaxaca.jpg","jetpack_sharing_enabled":true,"_links":{"self":[{"href":"https:\/\/zonaroja.com.mx\/index.php?rest_route=\/wp\/v2\/posts\/57728","targetHints":{"allow":["GET"]}}],"collection":[{"href":"https:\/\/zonaroja.com.mx\/index.php?rest_route=\/wp\/v2\/posts"}],"about":[{"href":"https:\/\/zonaroja.com.mx\/index.php?rest_route=\/wp\/v2\/types\/post"}],"author":[{"embeddable":true,"href":"https:\/\/zonaroja.com.mx\/index.php?rest_route=\/wp\/v2\/users\/2"}],"replies":[{"embeddable":true,"href":"https:\/\/zonaroja.com.mx\/index.php?rest_route=%2Fwp%2Fv2%2Fcomments&post=57728"}],"version-history":[{"count":1,"href":"https:\/\/zonaroja.com.mx\/index.php?rest_route=\/wp\/v2\/posts\/57728\/revisions"}],"predecessor-version":[{"id":57730,"href":"https:\/\/zonaroja.com.mx\/index.php?rest_route=\/wp\/v2\/posts\/57728\/revisions\/57730"}],"wp:featuredmedia":[{"embeddable":true,"href":"https:\/\/zonaroja.com.mx\/index.php?rest_route=\/wp\/v2\/media\/57729"}],"wp:attachment":[{"href":"https:\/\/zonaroja.com.mx\/index.php?rest_route=%2Fwp%2Fv2%2Fmedia&parent=57728"}],"wp:term":[{"taxonomy":"category","embeddable":true,"href":"https:\/\/zonaroja.com.mx\/index.php?rest_route=%2Fwp%2Fv2%2Fcategories&post=57728"},{"taxonomy":"post_tag","embeddable":true,"href":"https:\/\/zonaroja.com.mx\/index.php?rest_route=%2Fwp%2Fv2%2Ftags&post=57728"}],"curies":[{"name":"wp","href":"https:\/\/api.w.org\/{rel}","templated":true}]}}