{"id":57734,"date":"2023-07-19T12:55:00","date_gmt":"2023-07-19T17:55:00","guid":{"rendered":"http:\/\/www.zonaroja.com.mx\/?p=57734"},"modified":"2023-07-19T08:44:32","modified_gmt":"2023-07-19T13:44:32","slug":"norteamericana-secuestrada-en-mexico-fue-liberada-un-ano-despues","status":"publish","type":"post","link":"https:\/\/zonaroja.com.mx\/?p=57734","title":{"rendered":"Norteamericana secuestrada en M\u00e9xico fue liberada un a\u00f1o despu\u00e9s"},"content":{"rendered":"\n<p>Redacci\u00f3n\/Zona Roja Cdmx.&nbsp;<\/p>\n\n\n\n<p>Ciudad de M\u00e9xico, a 19 de julio de 2023.- La estadounidense M\u00f3nica de Le\u00f3n Barba, secuestrada el a\u00f1o pasado en Jalisco, fue liberada y regres\u00f3 a su casa en California este fin de semana, inform\u00f3 la Oficina Federal de Investigaciones de EE.UU. (FBI) sin ofrecer detalles de la liberaci\u00f3n.<\/p>\n\n\n\n<p>De Le\u00f3n Barba fue secuestrada el 29 de noviembre de 2022 mientras caminaba a casa con su perro en Tepatitl\u00e1n, estado de Jalisco, seg\u00fan informaci\u00f3n compartida por el FBI, que hab\u00eda ofrecido una recompensa de 40 mil d\u00f3lares por informaci\u00f3n que ayudara a encontrarla.<\/p>\n\n\n\n<p>La v\u00edctima, de 29 a\u00f1os, fue liberada el pasado 14 de julio, seg\u00fan el FBI.<\/p>\n\n\n\n<p>De Le\u00f3n vivi\u00f3 durante a\u00f1os en el condado de San Mateo, en la Bah\u00eda de San Francisco, antes de mudarse a M\u00e9xico el verano pasado por razones laborales.<\/p>\n\n\n\n<p>Las autoridades federales hab\u00edan publicado dos videos en el que se ve\u00eda el momento del secuestro y como fue obligada a subir a un veh\u00edculo, dejando a su perro tirado en la calle.<\/p>\n\n\n\n<p>El FBI cree que al menos cinco sospechosos estuvieron involucrados en el secuestro, pero hasta el momento ninguna persona ha sido arrestada por este hecho.<\/p>\n\n\n\n<p>Robert Tripp, a cargo de la oficina del FBI en San Francisco, dijo en un comunicado que \u201cla investigaci\u00f3n del FBI est\u00e1 lejos de terminar\u201d. El agente tambi\u00e9n agradeci\u00f3 la colaboraci\u00f3n del p\u00fablico y la familia en este caso.<\/p>\n\n\n\n<p>Por su parte, Gustavo de Le\u00f3n, hermano de la v\u00edctima, agradeci\u00f3 en un mensaje en una cuenta de Facebook, creada para ayudar a recopilar pistas, la colaboraci\u00f3n de todas las personas y autoridades.<\/p>\n\n\n\n<p>\u201cFinalmente todos podemos cerrar este cap\u00edtulo en nuestras vidas y trabajar en el largo camino de sanaci\u00f3n que tenemos por delante\u201d, se\u00f1al\u00f3 junto con una fotograf\u00eda de \u00e9l posando con M\u00f3nica.<\/p>\n\n\n\n<p>OTRA B\u00daSQUEDA<\/p>\n\n\n\n<p>Mientras tanto, otra familia del sur de California contin\u00faa buscando a su madre, quien tambi\u00e9n fue secuestrada en M\u00e9xico.<\/p>\n\n\n\n<p>El FBI fij\u00f3 una recompensa de 20 mil d\u00f3lares para encontrar a Mar\u00eda del Carmen L\u00f3pez, de 63 a\u00f1os, que fue secuestrada de una vivienda en Pueblo Nuevo, en el estado de Colima, el pasado 9 de febrero.<\/p>\n\n\n\n<p>L\u00f3pez, que naci\u00f3 en M\u00e9xico y es naturalizada estadounidense, reside por temporadas en Los \u00c1ngeles y en el condado de Riverside, donde tiene familia, as\u00ed como en Colima.<\/p>\n\n\n\n<p>Los hijos de L\u00f3pez han hecho repetidos llamados a la comunidad para que les ayude a dar con el paradero de su mam\u00e1.<\/p>\n\n\n\n<p>(Con informaci\u00f3n de EFE)<\/p>\n","protected":false},"excerpt":{"rendered":"<p>Redacci\u00f3n\/Zona Roja Cdmx.&nbsp; Ciudad de M\u00e9xico, a 19 de julio de 2023.- La estadounidense M\u00f3nica&hellip;<\/p>\n","protected":false},"author":2,"featured_media":57735,"comment_status":"closed","ping_status":"open","sticky":false,"template":"","format":"standard","meta":{"_lmt_disableupdate":"","_lmt_disable":"","_jetpack_memberships_contains_paid_content":false,"footnotes":""},"categories":[109,47],"tags":[],"class_list":["post-57734","post","type-post","status-publish","format-standard","has-post-thumbnail","hentry","category-minuto-a-minuto","category-zona-gris"],"jetpack_featured_media_url":"https:\/\/zonaroja.com.mx\/wp-content\/uploads\/2023\/07\/monica-de-leon-barba-secuestro-jalisco.jpg.webp","jetpack_sharing_enabled":true,"_links":{"self":[{"href":"https:\/\/zonaroja.com.mx\/index.php?rest_route=\/wp\/v2\/posts\/57734","targetHints":{"allow":["GET"]}}],"collection":[{"href":"https:\/\/zonaroja.com.mx\/index.php?rest_route=\/wp\/v2\/posts"}],"about":[{"href":"https:\/\/zonaroja.com.mx\/index.php?rest_route=\/wp\/v2\/types\/post"}],"author":[{"embeddable":true,"href":"https:\/\/zonaroja.com.mx\/index.php?rest_route=\/wp\/v2\/users\/2"}],"replies":[{"embeddable":true,"href":"https:\/\/zonaroja.com.mx\/index.php?rest_route=%2Fwp%2Fv2%2Fcomments&post=57734"}],"version-history":[{"count":1,"href":"https:\/\/zonaroja.com.mx\/index.php?rest_route=\/wp\/v2\/posts\/57734\/revisions"}],"predecessor-version":[{"id":57736,"href":"https:\/\/zonaroja.com.mx\/index.php?rest_route=\/wp\/v2\/posts\/57734\/revisions\/57736"}],"wp:featuredmedia":[{"embeddable":true,"href":"https:\/\/zonaroja.com.mx\/index.php?rest_route=\/wp\/v2\/media\/57735"}],"wp:attachment":[{"href":"https:\/\/zonaroja.com.mx\/index.php?rest_route=%2Fwp%2Fv2%2Fmedia&parent=57734"}],"wp:term":[{"taxonomy":"category","embeddable":true,"href":"https:\/\/zonaroja.com.mx\/index.php?rest_route=%2Fwp%2Fv2%2Fcategories&post=57734"},{"taxonomy":"post_tag","embeddable":true,"href":"https:\/\/zonaroja.com.mx\/index.php?rest_route=%2Fwp%2Fv2%2Ftags&post=57734"}],"curies":[{"name":"wp","href":"https:\/\/api.w.org\/{rel}","templated":true}]}}