{"id":57737,"date":"2023-07-19T14:45:00","date_gmt":"2023-07-19T19:45:00","guid":{"rendered":"http:\/\/www.zonaroja.com.mx\/?p=57737"},"modified":"2023-07-19T08:54:03","modified_gmt":"2023-07-19T13:54:03","slug":"alerta-observatorio-nacional-ciudadano-posible-alteracion-en-datos-de-incidencia-delictiva","status":"publish","type":"post","link":"https:\/\/zonaroja.com.mx\/?p=57737","title":{"rendered":"Alerta Observatorio Nacional Ciudadano posible alteraci\u00f3n en datos de incidencia delictiva"},"content":{"rendered":"\n<p>Redacci\u00f3n\/Zona Roja Cdmx.<\/p>\n\n\n\n<p>Ciudad de M\u00e9xico, a 19 de julio de 2023.- El Observatorio Nacional Ciudadano advirti\u00f3 que 2023 se perfila como uno de los a\u00f1os m\u00e1s violentos del gobierno actual, al tiempo que denunci\u00f3 un \u201cmaquillaje sistem\u00e1tico\u201d de las cifras de delitos por parte de diversas autoridades.<\/p>\n\n\n\n<p>Al presentar el Reporte sobre incidencia delictiva del primer semestre de 2023, Francisco Rivas, director General del Observatorio Nacional Ciudadano de Seguridad, Justicia y Legalidad (ONC), se\u00f1al\u00f3 que a lo largo del a\u00f1o, se ha presentado un alto nivel de violencia, lo que evidencia las inconsistencias que existe entre las declaraciones oficiales y los datos que se presentan, as\u00ed como las evidencias que apuntan a un maquillaje sistem\u00e1tico de los delitos por parte de diversas autoridades.<\/p>\n\n\n\n<p>Y es que se dijo que hay un marcado descenso de la estad\u00edstica de secuestro, que va de la mano de un repentino crecimiento de los \u201cotros delitos que atentan contra la libertad personal\u201d, lo que se puede deber a la manipulaci\u00f3n de registros, abandono de las v\u00edctimas y no a alg\u00fan tipo de efecto positivo de la pol\u00edtica de seguridad en la materia.<\/p>\n\n\n\n<p>No importa cu\u00e1ntas veces nos repitan que vamos bien en seguridad, que maquillen los datos, la violencia no desaparece por decreto y este se coronar\u00e1 por mucho, como el sexenio m\u00e1s violento de la historia\u201d, expres\u00f3.<\/p>\n\n\n\n<p>Delitos al alza<\/p>\n\n\n\n<p>Francisco Rivas, evidenci\u00f3 que mientras los datos que publica diariamente la Secretar\u00eda de Seguridad y Protecci\u00f3n Ciudadana (SSPC) muestran que el homicidio doloso creci\u00f3 2%, los datos que presenta el Secretariado Ejecutivo del Sistema Nacional de Seguridad P\u00fablica (SESNSP) reportan una disminuci\u00f3n de casi 3 por ciento.<\/p>\n\n\n\n<p>En tanto que paralelamente hay evidencias que apuntan a que los cuerpos hallados en fosas clandestinas no se est\u00e1n reportando adecuadamente en la estad\u00edstica de homicidios dolosos.<\/p>\n\n\n\n<p>Por otro lado, el informe del Observatorio Nacional Ciudadano muestra que a lo largo de los primeros seis meses de 2023, delitos como las violaciones, violencia familiar, narcomenudeo, otros delitos que atentan contra la vida y la integridad corporal y otros il\u00edcitos que atentan contra la libertad personal, ocupan el primer lugar en tasa semestral de desde que se tiene registro.<\/p>\n\n\n\n<p>En tanto que entre 2022 y 2023 hay un aumento en homicidios culposos (1.2%); lesiones dolosas (2.5%); otros delitos contra la vida (9.86%); otros delitos contra la libertad (16.28%); violaci\u00f3n (1.09%); violencia familiar (6.82%) y narcomenudeo (1.63%).<\/p>\n\n\n\n<p>En tanto, se advirti\u00f3 que los delitos de g\u00e9nero como las violaciones y la violencia familiar contin\u00faan al alza, ya que en el primer semestre de 2023 se registr\u00f3 el m\u00e1ximo hist\u00f3rico de la tasa semestral de incidencia de violencia familiar y violaci\u00f3n.<\/p>\n\n\n\n<p>Por \u00faltimo, Rivas resalt\u00f3 la crisis de desapariciones en M\u00e9xico, pues del 1 de diciembre de 2018 al 30 de junio de 2023 se tienen registradas 43,119 personas desaparecidas y no localizadas de las cuales 74.81% son hombres; 24.53%, mujeres; y 0.66%, de sexo indeterminado.<\/p>\n","protected":false},"excerpt":{"rendered":"<p>Redacci\u00f3n\/Zona Roja Cdmx. Ciudad de M\u00e9xico, a 19 de julio de 2023.- El Observatorio Nacional&hellip;<\/p>\n","protected":false},"author":2,"featured_media":46037,"comment_status":"closed","ping_status":"open","sticky":false,"template":"","format":"standard","meta":{"_lmt_disableupdate":"","_lmt_disable":"","_jetpack_memberships_contains_paid_content":false,"footnotes":""},"categories":[109,47],"tags":[2537],"class_list":["post-57737","post","type-post","status-publish","format-standard","has-post-thumbnail","hentry","category-minuto-a-minuto","category-zona-gris","tag-observatorio-nacional-ciudadano"],"jetpack_featured_media_url":"https:\/\/zonaroja.com.mx\/wp-content\/uploads\/2022\/09\/Violencia-en-Mexico-inseguridad-homicidios.jpeg","jetpack_sharing_enabled":true,"_links":{"self":[{"href":"https:\/\/zonaroja.com.mx\/index.php?rest_route=\/wp\/v2\/posts\/57737","targetHints":{"allow":["GET"]}}],"collection":[{"href":"https:\/\/zonaroja.com.mx\/index.php?rest_route=\/wp\/v2\/posts"}],"about":[{"href":"https:\/\/zonaroja.com.mx\/index.php?rest_route=\/wp\/v2\/types\/post"}],"author":[{"embeddable":true,"href":"https:\/\/zonaroja.com.mx\/index.php?rest_route=\/wp\/v2\/users\/2"}],"replies":[{"embeddable":true,"href":"https:\/\/zonaroja.com.mx\/index.php?rest_route=%2Fwp%2Fv2%2Fcomments&post=57737"}],"version-history":[{"count":1,"href":"https:\/\/zonaroja.com.mx\/index.php?rest_route=\/wp\/v2\/posts\/57737\/revisions"}],"predecessor-version":[{"id":57738,"href":"https:\/\/zonaroja.com.mx\/index.php?rest_route=\/wp\/v2\/posts\/57737\/revisions\/57738"}],"wp:featuredmedia":[{"embeddable":true,"href":"https:\/\/zonaroja.com.mx\/index.php?rest_route=\/wp\/v2\/media\/46037"}],"wp:attachment":[{"href":"https:\/\/zonaroja.com.mx\/index.php?rest_route=%2Fwp%2Fv2%2Fmedia&parent=57737"}],"wp:term":[{"taxonomy":"category","embeddable":true,"href":"https:\/\/zonaroja.com.mx\/index.php?rest_route=%2Fwp%2Fv2%2Fcategories&post=57737"},{"taxonomy":"post_tag","embeddable":true,"href":"https:\/\/zonaroja.com.mx\/index.php?rest_route=%2Fwp%2Fv2%2Ftags&post=57737"}],"curies":[{"name":"wp","href":"https:\/\/api.w.org\/{rel}","templated":true}]}}