{"id":57739,"date":"2023-07-20T10:54:00","date_gmt":"2023-07-20T15:54:00","guid":{"rendered":"http:\/\/www.zonaroja.com.mx\/?p=57739"},"modified":"2023-07-19T21:05:21","modified_gmt":"2023-07-20T02:05:21","slug":"el-mundo-debe-alistarse-para-ondas-de-calor-mas-intensas-onu","status":"publish","type":"post","link":"https:\/\/zonaroja.com.mx\/?p=57739","title":{"rendered":"El mundo debe alistarse para ondas de calor m\u00e1s intensas: ONU"},"content":{"rendered":"\n<p>Redacci\u00f3n\/Zona Roja Cdmx.<\/p>\n\n\n\n<p>Ciudad de M\u00e9xico, a 20 de julio de 2023.- La Organizaci\u00f3n de Naciones Unidas (ONU) advirti\u00f3 ayer que el mundo debe prepararse para ondas de calor m\u00e1s intensas, en momentos en que varias zonas del hemisferio norte experimentan temperaturas sofocantes que han provocado incendios y amenazan la salud de la poblaci\u00f3n, mientras que los gobiernos de China y Estados Unidos est\u00e1n dispuestos a reforzar el di\u00e1logo para contrarrestar el cambio clim\u00e1tico.<\/p>\n\n\n\n<p>\u201cSituaciones de este tipo continuar\u00e1n intensific\u00e1ndose, y el mundo necesita prepararse para ondas de calor m\u00e1s intensas\u201d, se\u00f1al\u00f3 a la prensa en Ginebra John Nairn, un experto en calor extremo de la Organizaci\u00f3n Meteorol\u00f3gica Mundial,<\/p>\n\n\n\n<p>\u201cEl fen\u00f3meno del \u2018Ni\u00f1o\u2019, recientemente declarado, no har\u00e1 m\u00e1s que amplificar la incidencia y la intensidad del calor\u201d, indic\u00f3.<\/p>\n\n\n\n<p>Actualmente se registra incendios en Grecia y Canad\u00e1, calor sofocante en Espa\u00f1a, Italia con temperaturas de 38 y 40 grados Celsius. Bomberos combaten fuegos forestales en la isla canaria de La Palma y en los alrededores de Atenas. China y Jap\u00f3n enfrentan temperaturas extremas at\u00edpicas de 40 grados o m\u00e1s. En Estados Unidos, el Valle de la Muerte, en California, registr\u00f3 la temperatura r\u00e9cord de 52 grados.<\/p>\n\n\n\n<p>El anuncio coincide con la declaraci\u00f3n de China y Estados Unidos de que colaborar\u00e1n en condiciones de respeto mutuo contra el calentamiento global.<\/p>\n\n\n\n<p>El director de la Oficina de la Comisi\u00f3n de Asuntos Exteriores del Comit\u00e9 Central del Partido Comunista de China, Wang Yi, se reuni\u00f3 ayer con el enviado presidencial especial de Estados Unidos para el clima, John Kerry.<\/p>\n","protected":false},"excerpt":{"rendered":"<p>Redacci\u00f3n\/Zona Roja Cdmx. Ciudad de M\u00e9xico, a 20 de julio de 2023.- La Organizaci\u00f3n de&hellip;<\/p>\n","protected":false},"author":2,"featured_media":56646,"comment_status":"closed","ping_status":"open","sticky":false,"template":"","format":"standard","meta":{"_lmt_disableupdate":"","_lmt_disable":"","_jetpack_memberships_contains_paid_content":false,"footnotes":""},"categories":[109,47],"tags":[3583],"class_list":["post-57739","post","type-post","status-publish","format-standard","has-post-thumbnail","hentry","category-minuto-a-minuto","category-zona-gris","tag-ola-de-calor"],"jetpack_featured_media_url":"https:\/\/zonaroja.com.mx\/wp-content\/uploads\/2023\/06\/Ola-de-calor-2.jpeg","jetpack_sharing_enabled":true,"_links":{"self":[{"href":"https:\/\/zonaroja.com.mx\/index.php?rest_route=\/wp\/v2\/posts\/57739","targetHints":{"allow":["GET"]}}],"collection":[{"href":"https:\/\/zonaroja.com.mx\/index.php?rest_route=\/wp\/v2\/posts"}],"about":[{"href":"https:\/\/zonaroja.com.mx\/index.php?rest_route=\/wp\/v2\/types\/post"}],"author":[{"embeddable":true,"href":"https:\/\/zonaroja.com.mx\/index.php?rest_route=\/wp\/v2\/users\/2"}],"replies":[{"embeddable":true,"href":"https:\/\/zonaroja.com.mx\/index.php?rest_route=%2Fwp%2Fv2%2Fcomments&post=57739"}],"version-history":[{"count":2,"href":"https:\/\/zonaroja.com.mx\/index.php?rest_route=\/wp\/v2\/posts\/57739\/revisions"}],"predecessor-version":[{"id":57757,"href":"https:\/\/zonaroja.com.mx\/index.php?rest_route=\/wp\/v2\/posts\/57739\/revisions\/57757"}],"wp:featuredmedia":[{"embeddable":true,"href":"https:\/\/zonaroja.com.mx\/index.php?rest_route=\/wp\/v2\/media\/56646"}],"wp:attachment":[{"href":"https:\/\/zonaroja.com.mx\/index.php?rest_route=%2Fwp%2Fv2%2Fmedia&parent=57739"}],"wp:term":[{"taxonomy":"category","embeddable":true,"href":"https:\/\/zonaroja.com.mx\/index.php?rest_route=%2Fwp%2Fv2%2Fcategories&post=57739"},{"taxonomy":"post_tag","embeddable":true,"href":"https:\/\/zonaroja.com.mx\/index.php?rest_route=%2Fwp%2Fv2%2Ftags&post=57739"}],"curies":[{"name":"wp","href":"https:\/\/api.w.org\/{rel}","templated":true}]}}