{"id":57745,"date":"2023-07-19T13:01:00","date_gmt":"2023-07-19T18:01:00","guid":{"rendered":"http:\/\/www.zonaroja.com.mx\/?p=57745"},"modified":"2023-07-19T09:03:36","modified_gmt":"2023-07-19T14:03:36","slug":"inauguran-la-exposicion-experiencia-latina-en-la-ciudad-de-oaxaca","status":"publish","type":"post","link":"https:\/\/zonaroja.com.mx\/?p=57745","title":{"rendered":"Inauguran la exposici\u00f3n \u201cExperiencia Latina\u201d en la ciudad de Oaxaca"},"content":{"rendered":"\n<p>Redacci\u00f3n\/Zona Roja.<\/p>\n\n\n\n<p>Oaxaca de Ju\u00e1rez, Oax., a 19 de julio de 2023.- Para promover el intercambio cultural a trav\u00e9s de obras art\u00edsticas, diferentes creadores inauguraron al p\u00fablico oaxaque\u00f1o la exposici\u00f3n \u201cExperiencia Latina\u201d que trastocar\u00e1 los sentidos de los amantes del arte.&nbsp;<\/p>\n\n\n\n<p>En el taller \u00abGuty Studio\u00bb, se exponen las obras de 11 artistas entre los que se encuentran Gabriel Zald\u00edvar de Honduras, Marcelo Barn\u00e9s, Carla Recce y Mary Sol Recce de Argentina, adem\u00e1s de Juan Carlos S\u00e1nchez Gabriela Silva L\u00f3pez, Idnare Espinosa Silva, Vasti Gallardo, Luis Gtz. R., Crisanta Montesinos, KA, Abel Adri\u00e1n representando a M\u00e9xico.&nbsp;<\/p>\n\n\n\n<p>La exposici\u00f3n estar\u00e1 abierta al p\u00fablico del 17 al 28 de julio en \u201cGuty Studio\u201d ubicado en Avenida Montoya 121, en San Mart\u00edn Mexic\u00e1pam en la Ciudad de Oaxaca.&nbsp;<\/p>\n\n\n\n<p>Cabe destacar que en esta exposici\u00f3n podr\u00e1n encontrar pinturas y piezas inspiradas en las emociones y sentimientos de cada uno de los artistas participantes.<\/p>\n","protected":false},"excerpt":{"rendered":"<p>Redacci\u00f3n\/Zona Roja. Oaxaca de Ju\u00e1rez, Oax., a 19 de julio de 2023.- Para promover el&hellip;<\/p>\n","protected":false},"author":2,"featured_media":57743,"comment_status":"closed","ping_status":"open","sticky":false,"template":"","format":"standard","meta":{"_lmt_disableupdate":"","_lmt_disable":"","_jetpack_memberships_contains_paid_content":false,"footnotes":""},"categories":[109,46],"tags":[],"class_list":["post-57745","post","type-post","status-publish","format-standard","has-post-thumbnail","hentry","category-minuto-a-minuto","category-zona-blanca"],"jetpack_featured_media_url":"https:\/\/zonaroja.com.mx\/wp-content\/uploads\/2023\/07\/Exposicion-experiencia-latina-Oaxaca.jpg","jetpack_sharing_enabled":true,"_links":{"self":[{"href":"https:\/\/zonaroja.com.mx\/index.php?rest_route=\/wp\/v2\/posts\/57745","targetHints":{"allow":["GET"]}}],"collection":[{"href":"https:\/\/zonaroja.com.mx\/index.php?rest_route=\/wp\/v2\/posts"}],"about":[{"href":"https:\/\/zonaroja.com.mx\/index.php?rest_route=\/wp\/v2\/types\/post"}],"author":[{"embeddable":true,"href":"https:\/\/zonaroja.com.mx\/index.php?rest_route=\/wp\/v2\/users\/2"}],"replies":[{"embeddable":true,"href":"https:\/\/zonaroja.com.mx\/index.php?rest_route=%2Fwp%2Fv2%2Fcomments&post=57745"}],"version-history":[{"count":1,"href":"https:\/\/zonaroja.com.mx\/index.php?rest_route=\/wp\/v2\/posts\/57745\/revisions"}],"predecessor-version":[{"id":57746,"href":"https:\/\/zonaroja.com.mx\/index.php?rest_route=\/wp\/v2\/posts\/57745\/revisions\/57746"}],"wp:featuredmedia":[{"embeddable":true,"href":"https:\/\/zonaroja.com.mx\/index.php?rest_route=\/wp\/v2\/media\/57743"}],"wp:attachment":[{"href":"https:\/\/zonaroja.com.mx\/index.php?rest_route=%2Fwp%2Fv2%2Fmedia&parent=57745"}],"wp:term":[{"taxonomy":"category","embeddable":true,"href":"https:\/\/zonaroja.com.mx\/index.php?rest_route=%2Fwp%2Fv2%2Fcategories&post=57745"},{"taxonomy":"post_tag","embeddable":true,"href":"https:\/\/zonaroja.com.mx\/index.php?rest_route=%2Fwp%2Fv2%2Ftags&post=57745"}],"curies":[{"name":"wp","href":"https:\/\/api.w.org\/{rel}","templated":true}]}}