{"id":57749,"date":"2023-07-19T15:40:15","date_gmt":"2023-07-19T20:40:15","guid":{"rendered":"http:\/\/www.zonaroja.com.mx\/?p=57749"},"modified":"2023-07-19T15:40:16","modified_gmt":"2023-07-19T20:40:16","slug":"un-mundo-de-color-texturas-e-historias-guarda-la-expo-artesanal-de-oaxaca","status":"publish","type":"post","link":"https:\/\/zonaroja.com.mx\/?p=57749","title":{"rendered":"Un mundo de color, texturas e historias guarda la Expo Artesanal de Oaxaca"},"content":{"rendered":"\n<p>Yuridiana Sosa\/Zona Roja.<\/p>\n\n\n\n<p>Oaxaca de Ju\u00e1rez, Oax., a 19 de julio de 2023.- La magia de las artesan\u00edas oaxaque\u00f1as, que representan a 65 municipios de las diferentes regiones de la entidad, impacta a los visitantes a la Expo Artesanal que con motivo de la Guelaguetza se instal\u00f3 en el Centro Cultural y de Convenciones de Oaxaca.<\/p>\n\n\n\n<p>El gran sal\u00f3n del complejo est\u00e1 lleno de una incontable gama de ofertas textiles, de cer\u00e1mica, joyer\u00eda, calzado, barro, pintura, entre otros m\u00e1s, elaborados por aut\u00e9nticos artesanos que cuentan con su registro ante el Instituto Fomento y Protecci\u00f3n Artesan\u00edas Oaxaca.<\/p>\n\n\n\n<p>Falta tiempo para admirar cada uno de los 200 stands que se instalaron, de los que 55 asisten por primera vez para mostrar la riqueza artesanal de su municipio.<\/p>\n\n\n\n<p>ESPERANZA<\/p>\n\n\n\n<p>Dentro de la Expoventa hay fiesta, hay expectativas por lograr la comercializaci\u00f3n del a\u00f1o para cada familia artesana; hay esperanza, y no solo de generar ingresos, tambi\u00e9n de vida.<\/p>\n\n\n\n<p>Es el caso del puesto 99, originario de Huautla de Jim\u00e9nez y dedicado a la elaboraci\u00f3n de textiles, por parte de la familia Mart\u00ednez Reyes, quien anuncia una venta con causa a favor de la joven Guadalupe Mart\u00ednez Reyes.<\/p>\n\n\n\n<p>Su hermano, Israel explic\u00f3 que la joven de 27 a\u00f1os cuenta con un tumor en la parte baja de la cabeza que debe ser operado, y para lo que necesitan juntar un monto de dos millones de pesos.<\/p>\n\n\n\n<p>El artesano agradeci\u00f3 el apoyo de artesanos del municipio de San Felipe Usila, que se ha unido a la causa, as\u00ed como de los visitantes que ya han adquirido sus artesan\u00edas en estos puestos.<\/p>\n\n\n\n<p>En la Expo Artesanal la lucha por la vida sigue, y la justicia lleg\u00f3 al albergar a artesanas desplazadas Triquis de la zona de Copala, mismas que cuentan oficialmente con el registro que respalda su actividad.<\/p>\n\n\n\n<p>Algunas de ellas son representadas por la lideresa Sergia Zepeda, que desde hace m\u00e1s de una d\u00e9cada radican en la capital por la situaci\u00f3n de violencia en sus comunidades.<br>Hoy, a trav\u00e9s de esta actividad las mujeres y madres de familia ven una esperanza para juntar ingresos.<\/p>\n\n\n\n<p>Quienes llegaron por primera vez, como el caso de algunas artesanas de San Jos\u00e9 del Progreso, San Pedro Pochutla o Huahutla, se sienten ilusionados y con el anhelo de repetir esta experiencia, pues este espacio representa un impulso a sus creaciones o a sus talleres.<\/p>\n\n\n\n<p>NUEVA ESTRATEGIA<\/p>\n\n\n\n<p>El director del Instituto Fomento y Protecci\u00f3n Artesan\u00edas Oaxaca, Emilio de Leo Blanco, se\u00f1al\u00f3 que los 200 participantes son parte de una selecci\u00f3n por sorteo.<\/p>\n\n\n\n<p>Los artesanos de toda la entidad tuvieron la oportunidad de registrarse de forma presencial y en l\u00ednea, acreditando su registro.<br>Contrario a otros a\u00f1os, en esta ocasi\u00f3n los expositores no pagan por su espacio, ni por el equipamiento, adem\u00e1s de que se dispuso de una bodega.<\/p>\n\n\n\n<figure class=\"wp-block-embed\"><div class=\"wp-block-embed__wrapper\">\n<div class=\"twitter-tweet\"><blockquote class=\"twitter-tweet\" data-lang=\"es\"><p lang=\"es\" dir=\"ltr\">3. Y la Expo Artesanal en el Centro de Convenciones de Oaxaca, hizo tambi\u00e9n justicia a las desplazadas Triquis de la zona de Copala, que cuentan con un local para venta de sus artesan\u00edas.<br>Muchos testimonios de creadores, como de San Jos\u00e9 del Progreso, que por primera vez\u2026 <a href=\"https:\/\/t.co\/Zb3x4oX0Yd\">pic.twitter.com\/Zb3x4oX0Yd<\/a><\/p>&mdash; Zona Roja Oaxaca (@ZonaRoja_Oaxaca) <a href=\"https:\/\/twitter.com\/ZonaRoja_Oaxaca\/status\/1681669182780317696?ref_src=twsrc%5Etfw\">19 de julio de 2023<\/a><\/blockquote><\/div>\n<\/div><\/figure>\n\n\n\n<p>En algunos casos los participantes solo pagan su hospedaje, pues Fonatur destino recursos para el traslado de 125 asistentes, de las comunidades m\u00e1s alejadas.<\/p>\n\n\n\n<p>De Leo Blanco agreg\u00f3 que el Instituto de las Artesan\u00edas tambi\u00e9n dispuso de 15 traductores para ayudar a intermediar la venta con los turistas que no hablan espa\u00f1ol, pues el objetivo es que aprovechen al m\u00e1ximo la presencia del turismo.<\/p>\n\n\n\n<p>Los precios de las piezas son fijados por cada uno de los talleres o artesanos, quienes son los expertos en valorar el tiempo destinado, la complejidad de la elaboraci\u00f3n y la inversi\u00f3n que realizan, precis\u00f3 el director.<\/p>\n","protected":false},"excerpt":{"rendered":"<p>Yuridiana Sosa\/Zona Roja. Oaxaca de Ju\u00e1rez, Oax., a 19 de julio de 2023.- La magia&hellip;<\/p>\n","protected":false},"author":2,"featured_media":57742,"comment_status":"closed","ping_status":"open","sticky":false,"template":"","format":"standard","meta":{"_lmt_disableupdate":"","_lmt_disable":"","_jetpack_memberships_contains_paid_content":false,"footnotes":""},"categories":[109,46],"tags":[],"class_list":["post-57749","post","type-post","status-publish","format-standard","has-post-thumbnail","hentry","category-minuto-a-minuto","category-zona-blanca"],"jetpack_featured_media_url":"https:\/\/zonaroja.com.mx\/wp-content\/uploads\/2023\/07\/Artesano-con-causa-Oaxaca-expo-artesanal.jpg","jetpack_sharing_enabled":true,"_links":{"self":[{"href":"https:\/\/zonaroja.com.mx\/index.php?rest_route=\/wp\/v2\/posts\/57749","targetHints":{"allow":["GET"]}}],"collection":[{"href":"https:\/\/zonaroja.com.mx\/index.php?rest_route=\/wp\/v2\/posts"}],"about":[{"href":"https:\/\/zonaroja.com.mx\/index.php?rest_route=\/wp\/v2\/types\/post"}],"author":[{"embeddable":true,"href":"https:\/\/zonaroja.com.mx\/index.php?rest_route=\/wp\/v2\/users\/2"}],"replies":[{"embeddable":true,"href":"https:\/\/zonaroja.com.mx\/index.php?rest_route=%2Fwp%2Fv2%2Fcomments&post=57749"}],"version-history":[{"count":1,"href":"https:\/\/zonaroja.com.mx\/index.php?rest_route=\/wp\/v2\/posts\/57749\/revisions"}],"predecessor-version":[{"id":57750,"href":"https:\/\/zonaroja.com.mx\/index.php?rest_route=\/wp\/v2\/posts\/57749\/revisions\/57750"}],"wp:featuredmedia":[{"embeddable":true,"href":"https:\/\/zonaroja.com.mx\/index.php?rest_route=\/wp\/v2\/media\/57742"}],"wp:attachment":[{"href":"https:\/\/zonaroja.com.mx\/index.php?rest_route=%2Fwp%2Fv2%2Fmedia&parent=57749"}],"wp:term":[{"taxonomy":"category","embeddable":true,"href":"https:\/\/zonaroja.com.mx\/index.php?rest_route=%2Fwp%2Fv2%2Fcategories&post=57749"},{"taxonomy":"post_tag","embeddable":true,"href":"https:\/\/zonaroja.com.mx\/index.php?rest_route=%2Fwp%2Fv2%2Ftags&post=57749"}],"curies":[{"name":"wp","href":"https:\/\/api.w.org\/{rel}","templated":true}]}}