{"id":5775,"date":"2019-11-15T22:08:47","date_gmt":"2019-11-16T04:08:47","guid":{"rendered":"http:\/\/www.zonaroja.com.mx\/?p=5775"},"modified":"2019-11-15T22:08:50","modified_gmt":"2019-11-16T04:08:50","slug":"viernes-sangriento-de-tercer-informe-cuatro-ejecutados-en-oaxaca","status":"publish","type":"post","link":"https:\/\/zonaroja.com.mx\/?p=5775","title":{"rendered":"Viernes sangriento de Tercer Informe: cuatro ejecutados en Oaxaca"},"content":{"rendered":"\n<p>Redacci\u00f3n\/Zona Roja.<\/p>\n\n\n\n<p>Oaxaca de Ju\u00e1rez, Oax., 15 de noviembre\nde 2019.- Cuatro personas fueron asesinadas a balazos este viernes, en que el\ngobernador Alejandro Murat Hinojosa present\u00f3 su Tercer Informe, en el cual nuevamente\ndestac\u00f3 que Oaxaca es una de las 10 entidades m\u00e1s seguras del pa\u00eds.<\/p>\n\n\n\n<p>La ola criminal comenz\u00f3 en los primeros\nminutos del d\u00eda en Huajuapan de Le\u00f3n, en que se confirm\u00f3 que un individuo ultimado\na balazos. <\/p>\n\n\n\n<p>El ataque se registr\u00f3 en la calle 16 de\nSeptiembre esquina con Trujano, de la colonia El G\u00f3lgota, donde la persona a\u00fan\nno identificada recibi\u00f3 un disparo de arma de fuego en la cabeza.<\/p>\n\n\n\n<p>Mientras que la comunidad de Malucano,\nde Santa Mar\u00eda Colotepec, municipio de la regi\u00f3n Costa, fue hallado el cuerpo\nsin vida de un individuo, tambi\u00e9n sin identificaci\u00f3n formal.<\/p>\n\n\n\n<p>Y esta noche en San Juan Bautista\nTuxtepec por tercer d\u00eda consecutivo se registraron hechos violentos, con el\nasesinato de dos personas.<\/p>\n\n\n\n<p>Fue en la calle Aldama de la colonia\nL\u00e1zaro C\u00e1rdenas donde alrededor de las 19:00 horas ocurri\u00f3 un ataque armado. <\/p>\n\n\n\n<p>Dos personas perdieron la vida a causa\nde disparos de armas de fuego de grueso calibre y de manera preliminar fueron\nidentificadas como Rafael Jim\u00e9nez y Ra\u00fal Eduardo Corro. <\/p>\n\n\n\n<p>Como ha sido usual, en los hechos no\nhubo personas detenidas ni los polic\u00edas llegaron a tiempo a la escena del\ncrimen.<\/p>\n","protected":false},"excerpt":{"rendered":"<p>Redacci\u00f3n\/Zona Roja. Oaxaca de Ju\u00e1rez, Oax., 15 de noviembre de 2019.- Cuatro personas fueron asesinadas&hellip;<\/p>\n","protected":false},"author":2,"featured_media":2940,"comment_status":"closed","ping_status":"open","sticky":false,"template":"","format":"standard","meta":{"_lmt_disableupdate":"","_lmt_disable":"","_jetpack_memberships_contains_paid_content":false,"footnotes":""},"categories":[109,51],"tags":[118],"class_list":["post-5775","post","type-post","status-publish","format-standard","has-post-thumbnail","hentry","category-minuto-a-minuto","category-zona-roja","tag-san-juan-bautista-tuxtepec"],"jetpack_featured_media_url":"https:\/\/zonaroja.com.mx\/wp-content\/uploads\/2019\/08\/Asesinatos.jpg","jetpack_sharing_enabled":true,"_links":{"self":[{"href":"https:\/\/zonaroja.com.mx\/index.php?rest_route=\/wp\/v2\/posts\/5775","targetHints":{"allow":["GET"]}}],"collection":[{"href":"https:\/\/zonaroja.com.mx\/index.php?rest_route=\/wp\/v2\/posts"}],"about":[{"href":"https:\/\/zonaroja.com.mx\/index.php?rest_route=\/wp\/v2\/types\/post"}],"author":[{"embeddable":true,"href":"https:\/\/zonaroja.com.mx\/index.php?rest_route=\/wp\/v2\/users\/2"}],"replies":[{"embeddable":true,"href":"https:\/\/zonaroja.com.mx\/index.php?rest_route=%2Fwp%2Fv2%2Fcomments&post=5775"}],"version-history":[{"count":1,"href":"https:\/\/zonaroja.com.mx\/index.php?rest_route=\/wp\/v2\/posts\/5775\/revisions"}],"predecessor-version":[{"id":5776,"href":"https:\/\/zonaroja.com.mx\/index.php?rest_route=\/wp\/v2\/posts\/5775\/revisions\/5776"}],"wp:featuredmedia":[{"embeddable":true,"href":"https:\/\/zonaroja.com.mx\/index.php?rest_route=\/wp\/v2\/media\/2940"}],"wp:attachment":[{"href":"https:\/\/zonaroja.com.mx\/index.php?rest_route=%2Fwp%2Fv2%2Fmedia&parent=5775"}],"wp:term":[{"taxonomy":"category","embeddable":true,"href":"https:\/\/zonaroja.com.mx\/index.php?rest_route=%2Fwp%2Fv2%2Fcategories&post=5775"},{"taxonomy":"post_tag","embeddable":true,"href":"https:\/\/zonaroja.com.mx\/index.php?rest_route=%2Fwp%2Fv2%2Ftags&post=5775"}],"curies":[{"name":"wp","href":"https:\/\/api.w.org\/{rel}","templated":true}]}}