{"id":57755,"date":"2023-07-19T20:59:31","date_gmt":"2023-07-20T01:59:31","guid":{"rendered":"http:\/\/www.zonaroja.com.mx\/?p=57755"},"modified":"2023-07-19T20:59:33","modified_gmt":"2023-07-20T01:59:33","slug":"de-nuevo-indigenas-triquis-del-multi-reporta-otro-ataque-armado","status":"publish","type":"post","link":"https:\/\/zonaroja.com.mx\/?p=57755","title":{"rendered":"De nuevo, ind\u00edgenas triquis del MULTI reporta otro ataque armado"},"content":{"rendered":"\n<p>Yuridiana Sosa\/Zona Roja. Foto: Archivo<\/p>\n\n\n\n<p>Oaxaca de Ju\u00e1rez, Oax., a 19 de julio de 2023.- La violencia en Oaxaca continu\u00f3 este mi\u00e9rcoles, en medio de la primera semana de la Guelaguetza.<\/p>\n\n\n\n<p>La organizaci\u00f3n ind\u00edgena Movimiento Unificador de Lucha Triqui Independiente (MULTI) denunci\u00f3 un ataque armado por parte del MULT en la comunidad de Ojo de Agua Copala.<\/p>\n\n\n\n<p>V\u00eda redes sociales, se\u00f1al\u00f3 esta tarde que paramilitares del Movimiento Unificador de Lucha Triqui arribaron a dicha comunidad aliada de su organizaci\u00f3n; del ataque result\u00f3 herido de bala un menor de edad y una mujer se encuentra desaparecida.<\/p>\n\n\n\n<p>Ante el hecho violento, el MULTI exigi\u00f3 a la Fiscal\u00eda General de Oaxaca y a la Secretar\u00eda de Gobierno atenci\u00f3n inmediata al caso desde sus respectivas facultades.<\/p>\n\n\n\n<p>OTROS ATAQUES<\/p>\n\n\n\n<p>En febrero de este a\u00f1o el MULTI denunci\u00f3 dos ataques armados por parte del MULT, con el fin de desestabilizar la regi\u00f3n Triqui y levantarse de la mesa de negociaciones para el retorno seguro de los desplazados a sus comunidades de origen.<\/p>\n\n\n\n<p>Uno de los ataques, el 14 de febrero, ocurri\u00f3 en La Brama Paraje P\u00e9rez Copala, tambi\u00e9n adherida al MULTI, en la que un elemento de la Polic\u00eda Estatal result\u00f3 herido.<\/p>\n\n\n\n<p>El 9 de febrero se registr\u00f3 una emboscada y masacre en Tierra Blanca Copala, en la regi\u00f3n Mixteca, de la que ambas organizaciones se acusan mutuamente.<\/p>\n\n\n\n<p>Mientras que el 10 de marzo se registr\u00f3 otro hecho violento, del cual el MULT acus\u00f3 a su contraparte.<\/p>\n","protected":false},"excerpt":{"rendered":"<p>Yuridiana Sosa\/Zona Roja. Foto: Archivo Oaxaca de Ju\u00e1rez, Oax., a 19 de julio de 2023.-&hellip;<\/p>\n","protected":false},"author":2,"featured_media":22539,"comment_status":"closed","ping_status":"open","sticky":false,"template":"","format":"standard","meta":{"_lmt_disableupdate":"","_lmt_disable":"","_jetpack_memberships_contains_paid_content":false,"footnotes":""},"categories":[109,47],"tags":[2411],"class_list":["post-57755","post","type-post","status-publish","format-standard","has-post-thumbnail","hentry","category-minuto-a-minuto","category-zona-gris","tag-movimiento-de-unificacion-y-lucha-triqui-independiente-multi"],"jetpack_featured_media_url":"https:\/\/zonaroja.com.mx\/wp-content\/uploads\/2021\/01\/MULTI-Juxtlahuaca.jpg","jetpack_sharing_enabled":true,"_links":{"self":[{"href":"https:\/\/zonaroja.com.mx\/index.php?rest_route=\/wp\/v2\/posts\/57755","targetHints":{"allow":["GET"]}}],"collection":[{"href":"https:\/\/zonaroja.com.mx\/index.php?rest_route=\/wp\/v2\/posts"}],"about":[{"href":"https:\/\/zonaroja.com.mx\/index.php?rest_route=\/wp\/v2\/types\/post"}],"author":[{"embeddable":true,"href":"https:\/\/zonaroja.com.mx\/index.php?rest_route=\/wp\/v2\/users\/2"}],"replies":[{"embeddable":true,"href":"https:\/\/zonaroja.com.mx\/index.php?rest_route=%2Fwp%2Fv2%2Fcomments&post=57755"}],"version-history":[{"count":1,"href":"https:\/\/zonaroja.com.mx\/index.php?rest_route=\/wp\/v2\/posts\/57755\/revisions"}],"predecessor-version":[{"id":57756,"href":"https:\/\/zonaroja.com.mx\/index.php?rest_route=\/wp\/v2\/posts\/57755\/revisions\/57756"}],"wp:featuredmedia":[{"embeddable":true,"href":"https:\/\/zonaroja.com.mx\/index.php?rest_route=\/wp\/v2\/media\/22539"}],"wp:attachment":[{"href":"https:\/\/zonaroja.com.mx\/index.php?rest_route=%2Fwp%2Fv2%2Fmedia&parent=57755"}],"wp:term":[{"taxonomy":"category","embeddable":true,"href":"https:\/\/zonaroja.com.mx\/index.php?rest_route=%2Fwp%2Fv2%2Fcategories&post=57755"},{"taxonomy":"post_tag","embeddable":true,"href":"https:\/\/zonaroja.com.mx\/index.php?rest_route=%2Fwp%2Fv2%2Ftags&post=57755"}],"curies":[{"name":"wp","href":"https:\/\/api.w.org\/{rel}","templated":true}]}}