{"id":57758,"date":"2023-07-19T21:20:20","date_gmt":"2023-07-20T02:20:20","guid":{"rendered":"http:\/\/www.zonaroja.com.mx\/?p=57758"},"modified":"2023-07-19T21:20:22","modified_gmt":"2023-07-20T02:20:22","slug":"miercoles-sangriento-dos-ejecutados-en-el-istmo-y-dos-baleados","status":"publish","type":"post","link":"https:\/\/zonaroja.com.mx\/?p=57758","title":{"rendered":"Mi\u00e9rcoles sangriento: dos ejecutados en el Istmo y dos baleados\u00a0"},"content":{"rendered":"\n<p>Ismael Garc\u00eda M.\/Zona Roja. Foto: Cortes\u00eda.<\/p>\n\n\n\n<p>Oaxaca de Ju\u00e1rez, Oax., a 19 de julio de 2023.- En plenas fiestas de la Guelaguetza, la ola criminal crece en Oaxaca.<\/p>\n\n\n\n<p>Este mi\u00e9rcoles, dos personas fueron asesinadas a balazos en la regi\u00f3n del Istmo de Tehuantepec y dos m\u00e1s resultaron lesionadas, una de ellas un dirigente de comuneros.<\/p>\n\n\n\n<p>Esta tarde, en el municipio de Salina Cruz se registr\u00f3 un ataque armado en contra de dos j\u00f3venes, uno de las cuales identificado como Quer\u00eda C. B., perdi\u00f3 la vida, mientras que el otro fue trasladado a un hospital.<\/p>\n\n\n\n<p>La agresi\u00f3n ocurri\u00f3 frente a un centro preescolar en la colonia Hidalgo Oriente y no hab\u00eda polic\u00edas cerca de la zona, por lo cual los delincuentes huyeron sin complicaciones.<\/p>\n\n\n\n<p>Mientras tanto, por segundo d\u00eda ocurri\u00f3 otra ejecuci\u00f3n en el municipio de Chauites, en la regi\u00f3n oriente del Istmo.<\/p>\n\n\n\n<p>Fue en inmediaciones del pante\u00f3n municipal en que ocurri\u00f3 el asesinato de un masculino, de quien a\u00fan se desconoce su identidad; ayer se registr\u00f3 un hecho similar en la misma demarcaci\u00f3n.<\/p>\n\n\n\n<p>Horas antes, en el municipio de Santo Domingo Tehuantepec, el presidente del Bienes Comunales de Santa Cruz Tagolaba, Sergio Guti\u00e9rrez Garc\u00eda, fue v\u00edctima de un atentado.<\/p>\n\n\n\n<p>El l\u00edder comunero, hermano de Anastasio Guti\u00e9rrez, conocido como \u201cTacho Canasta\u201d, viajaba en una unidad de motor en la carretera Trans\u00edstmica, tramo Tehuantepec-Salina Cruz, cuando fue agredido a balazos; fue trasladado a un hospital, donde a\u00fan convalece.<\/p>\n\n\n\n<figure class=\"wp-block-embed is-type-rich is-provider-twitter wp-block-embed-twitter\"><div class=\"wp-block-embed__wrapper\">\n<div class=\"twitter-tweet\"><blockquote class=\"twitter-tweet\" data-lang=\"es\"><p lang=\"es\" dir=\"ltr\"><a href=\"https:\/\/twitter.com\/hashtag\/%C3%9AltimoMinuto?src=hash&amp;ref_src=twsrc%5Etfw\">#\u00daltimoMinuto<\/a><br>La ola criminal no cesa en Oaxaca en plenas fiestas de la <a href=\"https:\/\/twitter.com\/hashtag\/Guelaguetza2023?src=hash&amp;ref_src=twsrc%5Etfw\">#Guelaguetza2023<\/a>. <br>Ataque armado en Salina Cruz esta tarde (video de <a href=\"https:\/\/twitter.com\/EdwinMComunica?ref_src=twsrc%5Etfw\">@EdwinMComunica<\/a>).<br>Segundo ejecutado en menos de 24 horas en Chahuites.<br>Agreden a balazos a l\u00edder comunero de Tehuantepec, Sergio Guti\u00e9rrez. <a href=\"https:\/\/t.co\/Qlt2cEPQe0\">pic.twitter.com\/Qlt2cEPQe0<\/a><\/p>&mdash; Zona Roja Oaxaca (@ZonaRoja_Oaxaca) <a href=\"https:\/\/twitter.com\/ZonaRoja_Oaxaca\/status\/1681822781204226052?ref_src=twsrc%5Etfw\">20 de julio de 2023<\/a><\/blockquote><\/div>\n<\/div><\/figure>\n","protected":false},"excerpt":{"rendered":"<p>Ismael Garc\u00eda M.\/Zona Roja. Foto: Cortes\u00eda. Oaxaca de Ju\u00e1rez, Oax., a 19 de julio de&hellip;<\/p>\n","protected":false},"author":2,"featured_media":57759,"comment_status":"closed","ping_status":"open","sticky":false,"template":"","format":"standard","meta":{"_lmt_disableupdate":"","_lmt_disable":"","_jetpack_memberships_contains_paid_content":false,"footnotes":""},"categories":[109,51],"tags":[1212,168],"class_list":["post-57758","post","type-post","status-publish","format-standard","has-post-thumbnail","hentry","category-minuto-a-minuto","category-zona-roja","tag-chahuites","tag-salina-cruz"],"jetpack_featured_media_url":"https:\/\/zonaroja.com.mx\/wp-content\/uploads\/2023\/07\/Ejecutado-Salina-Cruz-Oaxaca.webp","jetpack_sharing_enabled":true,"_links":{"self":[{"href":"https:\/\/zonaroja.com.mx\/index.php?rest_route=\/wp\/v2\/posts\/57758","targetHints":{"allow":["GET"]}}],"collection":[{"href":"https:\/\/zonaroja.com.mx\/index.php?rest_route=\/wp\/v2\/posts"}],"about":[{"href":"https:\/\/zonaroja.com.mx\/index.php?rest_route=\/wp\/v2\/types\/post"}],"author":[{"embeddable":true,"href":"https:\/\/zonaroja.com.mx\/index.php?rest_route=\/wp\/v2\/users\/2"}],"replies":[{"embeddable":true,"href":"https:\/\/zonaroja.com.mx\/index.php?rest_route=%2Fwp%2Fv2%2Fcomments&post=57758"}],"version-history":[{"count":1,"href":"https:\/\/zonaroja.com.mx\/index.php?rest_route=\/wp\/v2\/posts\/57758\/revisions"}],"predecessor-version":[{"id":57763,"href":"https:\/\/zonaroja.com.mx\/index.php?rest_route=\/wp\/v2\/posts\/57758\/revisions\/57763"}],"wp:featuredmedia":[{"embeddable":true,"href":"https:\/\/zonaroja.com.mx\/index.php?rest_route=\/wp\/v2\/media\/57759"}],"wp:attachment":[{"href":"https:\/\/zonaroja.com.mx\/index.php?rest_route=%2Fwp%2Fv2%2Fmedia&parent=57758"}],"wp:term":[{"taxonomy":"category","embeddable":true,"href":"https:\/\/zonaroja.com.mx\/index.php?rest_route=%2Fwp%2Fv2%2Fcategories&post=57758"},{"taxonomy":"post_tag","embeddable":true,"href":"https:\/\/zonaroja.com.mx\/index.php?rest_route=%2Fwp%2Fv2%2Ftags&post=57758"}],"curies":[{"name":"wp","href":"https:\/\/api.w.org\/{rel}","templated":true}]}}