{"id":57764,"date":"2023-07-19T21:30:50","date_gmt":"2023-07-20T02:30:50","guid":{"rendered":"http:\/\/www.zonaroja.com.mx\/?p=57764"},"modified":"2023-07-19T21:30:53","modified_gmt":"2023-07-20T02:30:53","slug":"en-medio-de-fiestas-ahora-jubilados-del-ayuntamiento-de-oaxaca-protestan-contra-neri","status":"publish","type":"post","link":"https:\/\/zonaroja.com.mx\/?p=57764","title":{"rendered":"En medio de fiestas, ahora jubilados del ayuntamiento de Oaxaca protestan contra Neri"},"content":{"rendered":"\n<p>Yuridiana Sosa\/Zona Roja.<\/p>\n\n\n\n<p>Oaxaca de Ju\u00e1rez, Oax., a 19 de julio de 2023.- En medio de las festividades por la Guelaguetza, el gobierno municipal de Francisco Mart\u00ednez Neri contin\u00faa recibiendo protestas por la falta de atenci\u00f3n como a las demandas, en esta ocasi\u00f3n por parte de jubilados y pensionados del ayuntamiento capitalino.<\/p>\n\n\n\n<p>Los inconformes por la desatenci\u00f3n del edil de Morena se manifestaron frente a palacio municipal, en la Plaza de la Danza, donde todo se encontraba listo para la inauguraci\u00f3n de la edici\u00f3n 16 de la \u201cFeria del Tejate y el Tamal\u201d.<\/p>\n\n\n\n<p>La sede de fiesta se convirti\u00f3 por algunos minutos en escenario de protesta, incluso, participantes de la feria se acercaron a los inconformes antes que las propias autoridades, pues se encontraban preocupados por la actividad que cada a\u00f1o atrae a miles de comensales.<\/p>\n\n\n\n<p>Los jubilados y pensionados exigieron al presidente municipal aplique una pensi\u00f3n digna, en cumplimiento a los ideales de la \u201cCuarta Transformaci\u00f3n\u201d; respeto a los derechos adquiridos como ex trabajadores del ayuntamiento capitalino y pago inmediato de finiquitos y seguros de vida.<\/p>\n\n\n\n<figure class=\"wp-block-embed is-type-rich is-provider-twitter wp-block-embed-twitter\"><div class=\"wp-block-embed__wrapper\">\n<div class=\"twitter-tweet\"><blockquote class=\"twitter-tweet\" data-lang=\"es\"><p lang=\"es\" dir=\"ltr\"><a href=\"https:\/\/twitter.com\/hashtag\/%C3%9AltimoMinuto?src=hash&amp;ref_src=twsrc%5Etfw\">#\u00daltimoMinuto<\/a><br>Las protestas cotidianas contra el gobierno de <a href=\"https:\/\/twitter.com\/FMartinezNeri?ref_src=twsrc%5Etfw\">@FMartinezNeri<\/a>.<br>Ahora son trabajadores jubilados quienes se manifiestan en el exterior del palacio del <a href=\"https:\/\/twitter.com\/MunicipioOaxaca?ref_src=twsrc%5Etfw\">@MunicipioOaxaca<\/a>. <a href=\"https:\/\/t.co\/BpfYH1MHAu\">pic.twitter.com\/BpfYH1MHAu<\/a><\/p>&mdash; Zona Roja Oaxaca (@ZonaRoja_Oaxaca) <a href=\"https:\/\/twitter.com\/ZonaRoja_Oaxaca\/status\/1681699856384131072?ref_src=twsrc%5Etfw\">19 de julio de 2023<\/a><\/blockquote><\/div>\n<\/div><\/figure>\n\n\n\n<p>As\u00ed tambi\u00e9n, por medio de carteles demandaron que el dinero de los pensionados deje de ser utilizado como la \u201ccaja chica\u201d de los funcionarios.<\/p>\n\n\n\n<p>OTRA PROTESTA&nbsp;<\/p>\n\n\n\n<p>En plena temporada vacacional, colonos de San Pablo Huitzo \u201ctomaron\u201d la careta de peaje en Huitzo, en supercarretera Oaxaca-Cuacnopalan.<\/p>\n\n\n\n<p>Sin ninguna consecuencia, los manifestantes permanecieron en el lugar para pedir dinero por el paso vehicular y exigir al gobierno de Oaxaca la construcci\u00f3n de viviendas dignas.&nbsp;<\/p>\n\n\n\n<p>En tanto, por segundo d\u00eda continu\u00f3 el paro de labores en el Centro de Salud Urbano 1, de los Servicios de Salud de Oaxaca, ubicado en la calle de Mina de la capital del estado.<\/p>\n","protected":false},"excerpt":{"rendered":"<p>Yuridiana Sosa\/Zona Roja. Oaxaca de Ju\u00e1rez, Oax., a 19 de julio de 2023.- En medio&hellip;<\/p>\n","protected":false},"author":2,"featured_media":57761,"comment_status":"closed","ping_status":"open","sticky":false,"template":"","format":"standard","meta":{"_lmt_disableupdate":"","_lmt_disable":"","_jetpack_memberships_contains_paid_content":false,"footnotes":""},"categories":[109,47],"tags":[148],"class_list":["post-57764","post","type-post","status-publish","format-standard","has-post-thumbnail","hentry","category-minuto-a-minuto","category-zona-gris","tag-oaxaca-de-juarez"],"jetpack_featured_media_url":"https:\/\/zonaroja.com.mx\/wp-content\/uploads\/2023\/07\/Protesta-jubilados-Neri-Oaxaaca-capital.jpeg","jetpack_sharing_enabled":true,"_links":{"self":[{"href":"https:\/\/zonaroja.com.mx\/index.php?rest_route=\/wp\/v2\/posts\/57764","targetHints":{"allow":["GET"]}}],"collection":[{"href":"https:\/\/zonaroja.com.mx\/index.php?rest_route=\/wp\/v2\/posts"}],"about":[{"href":"https:\/\/zonaroja.com.mx\/index.php?rest_route=\/wp\/v2\/types\/post"}],"author":[{"embeddable":true,"href":"https:\/\/zonaroja.com.mx\/index.php?rest_route=\/wp\/v2\/users\/2"}],"replies":[{"embeddable":true,"href":"https:\/\/zonaroja.com.mx\/index.php?rest_route=%2Fwp%2Fv2%2Fcomments&post=57764"}],"version-history":[{"count":1,"href":"https:\/\/zonaroja.com.mx\/index.php?rest_route=\/wp\/v2\/posts\/57764\/revisions"}],"predecessor-version":[{"id":57765,"href":"https:\/\/zonaroja.com.mx\/index.php?rest_route=\/wp\/v2\/posts\/57764\/revisions\/57765"}],"wp:featuredmedia":[{"embeddable":true,"href":"https:\/\/zonaroja.com.mx\/index.php?rest_route=\/wp\/v2\/media\/57761"}],"wp:attachment":[{"href":"https:\/\/zonaroja.com.mx\/index.php?rest_route=%2Fwp%2Fv2%2Fmedia&parent=57764"}],"wp:term":[{"taxonomy":"category","embeddable":true,"href":"https:\/\/zonaroja.com.mx\/index.php?rest_route=%2Fwp%2Fv2%2Fcategories&post=57764"},{"taxonomy":"post_tag","embeddable":true,"href":"https:\/\/zonaroja.com.mx\/index.php?rest_route=%2Fwp%2Fv2%2Ftags&post=57764"}],"curies":[{"name":"wp","href":"https:\/\/api.w.org\/{rel}","templated":true}]}}