{"id":57766,"date":"2023-07-20T08:20:00","date_gmt":"2023-07-20T13:20:00","guid":{"rendered":"http:\/\/www.zonaroja.com.mx\/?p=57766"},"modified":"2023-07-20T07:41:14","modified_gmt":"2023-07-20T12:41:14","slug":"condenan-a-60-anos-de-prision-a-sujeto-que-mato-a-dos-personas-en-tuxtepec","status":"publish","type":"post","link":"https:\/\/zonaroja.com.mx\/?p=57766","title":{"rendered":"Condenan a 60 a\u00f1os de prisi\u00f3n a sujeto que mat\u00f3 a dos personas en Tuxtepec"},"content":{"rendered":"\n<p>Redacci\u00f3n\/Zona Roja.&nbsp;<\/p>\n\n\n\n<p>Oaxaca de Ju\u00e1rez, Oax., a 20 de julio de 2023.- Una sentencia superior a los 60 a\u00f1os de prisi\u00f3n, obtuvo la Fiscal\u00eda General del Estado de Oaxaca (FGEO) en contra de J. M. P. M., por su responsabilidad en la comisi\u00f3n del delito de Homicidio Calificado en agravio de dos personas y de Lesiones Calificadas, por hechos ocurridos en la regi\u00f3n de la Cuenca del Papaloapan.<\/p>\n\n\n\n<p>De acuerdo con el expediente penal, los delitos se cometieron el 7 de junio de 2020, cuando las v\u00edctimas se encontraban en calles del municipio de San Juan Bautista Tuxtepec, a donde lleg\u00f3 J. M. P. M., quien dispar\u00f3 en su contra.&nbsp;<\/p>\n\n\n\n<p>Como resultado de la agresi\u00f3n, dos personas del sexo masculino perdieron la vida, quienes fueron identificados como A. C. C. S. y E. V. M., mientras que G. C. S. y M. L. H. F. resultaron lesionados.&nbsp;<\/p>\n\n\n\n<p>Ante los hechos, la FGEO tom\u00f3 conocimiento del caso a trav\u00e9s de la Vicefiscal\u00eda Regional de la Cuenca que realiz\u00f3 las investigaciones correspondientes, obteniendo informaci\u00f3n que permiti\u00f3 ejecutar la orden de aprehensi\u00f3n contra un imputado.<\/p>\n\n\n\n<p>La Fiscal\u00eda llev\u00f3 a J. M. P. M. ante el Juez, quien evalu\u00f3 los datos de prueba aportados por el Ministerio P\u00fablico, por lo cual dict\u00f3 sentencia condenatoria de 60 a\u00f1os y 14 d\u00edas de prisi\u00f3n, as\u00ed como el pago de m\u00e1s de 868 mil pesos por reparaci\u00f3n del da\u00f1o, por su responsabilidad en la comisi\u00f3n de los delitos de Homicidio Calificado y Lesiones Calificadas.<\/p>\n\n\n\n<p>UN VINCULADO A PROCESO<\/p>\n\n\n\n<p>Por otra parte, la Fiscal\u00eda General del Estado obtuvo auto de vinculaci\u00f3n a proceso en contra de una persona del sexo masculino identificada como E. E. L. A., imputado por el delito de Equiparado a la Violaci\u00f3n cometido en agravio de una adolescente, en el norte de la ciudad de Oaxaca de Ju\u00e1rez, en la regi\u00f3n de los Valles Centrales.<\/p>\n\n\n\n<p>Como consta en el expediente penal del caso, los hechos ocurrieron en diferentes fechas de los meses de marzo y abril de 2021, cuando la v\u00edctima ten\u00eda 14 a\u00f1os. De acuerdo con la denuncia, la adolescente sufri\u00f3 las agresiones sexuales en diversos sitios de la colonia Volcanes, en la capital del estado.<\/p>\n\n\n\n<p>Al conocer la situaci\u00f3n, la familia acompa\u00f1\u00f3 a la v\u00edctima a presentar la denuncia correspondiente ante la FGEO, que inici\u00f3 la carpeta de investigaci\u00f3n a trav\u00e9s de la Fiscal\u00eda Especializada para la Atenci\u00f3n a Delitos contra la Mujer por Raz\u00f3n de G\u00e9nero.&nbsp;<\/p>\n\n\n\n<p>Luego de obtener los elementos suficientes, se liber\u00f3 la orden de aprehensi\u00f3n que permiti\u00f3 que elementos de la Agencia Estatal de Investigaciones detuvieran a E. E. L. A., por lo que fue presentado ante el Juez que lo requiri\u00f3, quien dict\u00f3 auto de formal prisi\u00f3n en contra del imputado, adem\u00e1s de imponer prisi\u00f3n preventiva como medida cautelar, y fij\u00f3 en tres meses el plazo para el cierre de la investigaci\u00f3n.<\/p>\n\n\n\n<p>El delito equiparado a la violaci\u00f3n, es un il\u00edcito previsto y sancionado por el numeral 246, en relaci\u00f3n con lo que establece los art\u00edculos 8, fracci\u00f3n I, 10, fracci\u00f3n I, 11 fracci\u00f3n II, 9 fracci\u00f3n I del C\u00f3digo Penal vigente en el Estado de Oaxaca y concurso real homog\u00e9neo 66 y 68 del mismo ordenamiento penal.<\/p>\n","protected":false},"excerpt":{"rendered":"<p>Redacci\u00f3n\/Zona Roja.&nbsp; Oaxaca de Ju\u00e1rez, Oax., a 20 de julio de 2023.- Una sentencia superior&hellip;<\/p>\n","protected":false},"author":2,"featured_media":44846,"comment_status":"closed","ping_status":"open","sticky":false,"template":"","format":"standard","meta":{"_lmt_disableupdate":"","_lmt_disable":"","_jetpack_memberships_contains_paid_content":false,"footnotes":""},"categories":[109,46],"tags":[494],"class_list":["post-57766","post","type-post","status-publish","format-standard","has-post-thumbnail","hentry","category-minuto-a-minuto","category-zona-blanca","tag-fiscalia-general-del-estado-de-oaxaca"],"jetpack_featured_media_url":"https:\/\/zonaroja.com.mx\/wp-content\/uploads\/2022\/08\/Preso-detenido-carcel-prision.png","jetpack_sharing_enabled":true,"_links":{"self":[{"href":"https:\/\/zonaroja.com.mx\/index.php?rest_route=\/wp\/v2\/posts\/57766","targetHints":{"allow":["GET"]}}],"collection":[{"href":"https:\/\/zonaroja.com.mx\/index.php?rest_route=\/wp\/v2\/posts"}],"about":[{"href":"https:\/\/zonaroja.com.mx\/index.php?rest_route=\/wp\/v2\/types\/post"}],"author":[{"embeddable":true,"href":"https:\/\/zonaroja.com.mx\/index.php?rest_route=\/wp\/v2\/users\/2"}],"replies":[{"embeddable":true,"href":"https:\/\/zonaroja.com.mx\/index.php?rest_route=%2Fwp%2Fv2%2Fcomments&post=57766"}],"version-history":[{"count":1,"href":"https:\/\/zonaroja.com.mx\/index.php?rest_route=\/wp\/v2\/posts\/57766\/revisions"}],"predecessor-version":[{"id":57767,"href":"https:\/\/zonaroja.com.mx\/index.php?rest_route=\/wp\/v2\/posts\/57766\/revisions\/57767"}],"wp:featuredmedia":[{"embeddable":true,"href":"https:\/\/zonaroja.com.mx\/index.php?rest_route=\/wp\/v2\/media\/44846"}],"wp:attachment":[{"href":"https:\/\/zonaroja.com.mx\/index.php?rest_route=%2Fwp%2Fv2%2Fmedia&parent=57766"}],"wp:term":[{"taxonomy":"category","embeddable":true,"href":"https:\/\/zonaroja.com.mx\/index.php?rest_route=%2Fwp%2Fv2%2Fcategories&post=57766"},{"taxonomy":"post_tag","embeddable":true,"href":"https:\/\/zonaroja.com.mx\/index.php?rest_route=%2Fwp%2Fv2%2Ftags&post=57766"}],"curies":[{"name":"wp","href":"https:\/\/api.w.org\/{rel}","templated":true}]}}