{"id":57768,"date":"2023-07-20T11:30:00","date_gmt":"2023-07-20T16:30:00","guid":{"rendered":"http:\/\/www.zonaroja.com.mx\/?p=57768"},"modified":"2023-07-20T07:49:48","modified_gmt":"2023-07-20T12:49:48","slug":"familiares-exigen-en-edomex-justicia-por-notario-asesinado-en-oaxaca","status":"publish","type":"post","link":"https:\/\/zonaroja.com.mx\/?p=57768","title":{"rendered":"Familiares exigen en Edomex justicia por notario asesinado en Oaxaca"},"content":{"rendered":"\n<p>Redacci\u00f3n\/Zona Roja Cdmx.<\/p>\n\n\n\n<p>Ciudad de M\u00e9xico, a 20 de julio de 2023.- En el Estado de M\u00e9xico, familiares del notario p\u00fablico n\u00famero 113, Jos\u00e9 O. G., exigieron justicia y esclarecimiento pleno del crimen ocurrido en el Centro Hist\u00f3rico de la capital de Oaxaca el pasado martes 18 de julio.<\/p>\n\n\n\n<p>\u00abLo que queremos es que se aclare todo esto, no sabemos absolutamente nada, la fiscal\u00eda de Oaxaca tiene abiertas unas l\u00edneas de investigaci\u00f3n, pero todav\u00eda es muy prematuro todo. Se est\u00e1n haciendo las investigaciones y no sabemos en qu\u00e9 situaci\u00f3n est\u00e1 todo, no queremos meternos mucho tampoco\u00bb, dijo Abel Ortiz, hermano del notario, de acuerdo con informaci\u00f3n de \u201cEl Universal\u201d.<\/p>\n\n\n\n<p>El diario nacional public\u00f3 que a la petici\u00f3n se sum\u00f3 la comunidad oaxaque\u00f1a de Nezahualc\u00f3yotl, municipio donde se encontraba la notar\u00eda y donde resid\u00eda la v\u00edctima de 58 a\u00f1os de edad.<\/p>\n\n\n\n<p>\u00abLa comunidad oaxaque\u00f1a repudia y exige al gobierno del estado de Oaxaca el vil atentado que sufri\u00f3 nuestro paisano y orgullo oaxaque\u00f1o maestro en Derecho Notarial, Jos\u00e9 Ortiz Gir\u00f3n notario 113 del Estado de M\u00e9xico, el que siempre se sent\u00eda orgulloso de sus ra\u00edces oaxaque\u00f1as, nacido de padres oaxaque\u00f1os mixtecos de Santiago Tej\u00fapam y que nunca imagin\u00f3 que en su tierra lo fueran asesinar de la forma m\u00e1s cobarde y vil.<\/p>\n\n\n\n<p>\u00abLe pedimos a las instancias de la Fiscal\u00eda del estado que se esclarezca lo m\u00e1s pronto posible y que no quede impune dicho acto de cobard\u00eda, y tambi\u00e9n para que Oaxaca y su m\u00e1xima fiesta que es la Guelaguetza no quede manchada de sangre de gente honesta y que siempre pon\u00eda en alto a su estado qu\u00e9 es Oaxaca\u00bb, expusieron los integrantes de la comunidad oaxaque\u00f1a radicada en Ciudad Nezahualc\u00f3yotl.<\/p>\n\n\n\n<p>Seg\u00fan informaci\u00f3n de \u201cEl Universal\u201d, el alcalde de Nezahualc\u00f3yotl, Adolfo Cerqueda, tambi\u00e9n lament\u00f3 la muerte de Jos\u00e9 Ortiz y externo sus condolencias a la familia, amigos y colegas del notario.<\/p>\n\n\n\n<p>La v\u00edctima caminaba con otro colega, tambi\u00e9n del Estado de M\u00e9xico, por calles del primer cuadro cuando dos sujetos lo agredieron con armas punzocortantes por la espalda. Muri\u00f3 en el lugar del ataque y los asesinos corrieron de la escena del crimen.<\/p>\n\n\n\n<p>La fiscal\u00eda oaxaque\u00f1a dio a conocer que no se trat\u00f3 de un asalto, sino de un ataque directo, porque la v\u00edctima ten\u00eda todas sus pertenencias consigo, se habr\u00eda tratado de una venganza personal, seg\u00fan las investigaciones de las autoridades ministeriales.<\/p>\n","protected":false},"excerpt":{"rendered":"<p>Redacci\u00f3n\/Zona Roja Cdmx. Ciudad de M\u00e9xico, a 20 de julio de 2023.- En el Estado&hellip;<\/p>\n","protected":false},"author":2,"featured_media":57769,"comment_status":"closed","ping_status":"open","sticky":false,"template":"","format":"standard","meta":{"_lmt_disableupdate":"","_lmt_disable":"","_jetpack_memberships_contains_paid_content":false,"footnotes":""},"categories":[109,47],"tags":[3615],"class_list":["post-57768","post","type-post","status-publish","format-standard","has-post-thumbnail","hentry","category-minuto-a-minuto","category-zona-gris","tag-notario-jose-ortiz-giron"],"jetpack_featured_media_url":"https:\/\/zonaroja.com.mx\/wp-content\/uploads\/2023\/07\/Notario-Jose-Ortiz-asesinado-en-Oaxaca.jpg","jetpack_sharing_enabled":true,"_links":{"self":[{"href":"https:\/\/zonaroja.com.mx\/index.php?rest_route=\/wp\/v2\/posts\/57768","targetHints":{"allow":["GET"]}}],"collection":[{"href":"https:\/\/zonaroja.com.mx\/index.php?rest_route=\/wp\/v2\/posts"}],"about":[{"href":"https:\/\/zonaroja.com.mx\/index.php?rest_route=\/wp\/v2\/types\/post"}],"author":[{"embeddable":true,"href":"https:\/\/zonaroja.com.mx\/index.php?rest_route=\/wp\/v2\/users\/2"}],"replies":[{"embeddable":true,"href":"https:\/\/zonaroja.com.mx\/index.php?rest_route=%2Fwp%2Fv2%2Fcomments&post=57768"}],"version-history":[{"count":1,"href":"https:\/\/zonaroja.com.mx\/index.php?rest_route=\/wp\/v2\/posts\/57768\/revisions"}],"predecessor-version":[{"id":57770,"href":"https:\/\/zonaroja.com.mx\/index.php?rest_route=\/wp\/v2\/posts\/57768\/revisions\/57770"}],"wp:featuredmedia":[{"embeddable":true,"href":"https:\/\/zonaroja.com.mx\/index.php?rest_route=\/wp\/v2\/media\/57769"}],"wp:attachment":[{"href":"https:\/\/zonaroja.com.mx\/index.php?rest_route=%2Fwp%2Fv2%2Fmedia&parent=57768"}],"wp:term":[{"taxonomy":"category","embeddable":true,"href":"https:\/\/zonaroja.com.mx\/index.php?rest_route=%2Fwp%2Fv2%2Fcategories&post=57768"},{"taxonomy":"post_tag","embeddable":true,"href":"https:\/\/zonaroja.com.mx\/index.php?rest_route=%2Fwp%2Fv2%2Ftags&post=57768"}],"curies":[{"name":"wp","href":"https:\/\/api.w.org\/{rel}","templated":true}]}}