{"id":5777,"date":"2019-11-15T22:25:07","date_gmt":"2019-11-16T04:25:07","guid":{"rendered":"http:\/\/www.zonaroja.com.mx\/?p=5777"},"modified":"2019-11-15T22:25:09","modified_gmt":"2019-11-16T04:25:09","slug":"cronica-y-el-ejecutivo-priista-dispone-en-el-legislativo-morenista","status":"publish","type":"post","link":"https:\/\/zonaroja.com.mx\/?p=5777","title":{"rendered":"Cr\u00f3nica: Y el Ejecutivo priista dispone en el Legislativo morenista"},"content":{"rendered":"\n<p>Ismael Garc\u00eda M.<\/p>\n\n\n\n<p>San Raymundo Jalpan, Oax., 15 de\nnoviembre de 2019.- Todo se hizo como pidi\u00f3 el Poder Ejecutivo priista. Y todo sali\u00f3\nsin contratiempos ni reproches ni barullo, tal cual fue el deseo de Alejandro\nMurat Hinojosa, el complacido.<\/p>\n\n\n\n<p>El complaciente Congreso de Oaxaca de\nmayor\u00eda morenista cedi\u00f3 a todo: no cambiar la Mesa Directiva para no afectar la\nentrega del Tercer Informe; no permitir interpelaciones ni di\u00e1logo con los\nlegisladores m\u00e1s que la contestaci\u00f3n de un diputado; no llevar ni pancartas ni\nmantas ni nada parecido a una protesta. <\/p>\n\n\n\n<p>Y hasta la Secci\u00f3n 22 del SNTE cumpli\u00f3\na cabalidad la instrucci\u00f3n, llegar tarde a la sede de la C\u00e1mara de Diputados\ncon una marcha simulada, un mitin \u00e1gil, sin gritos ni sombrerazos, y retirarse\nde inmediato.<\/p>\n\n\n\n<p>La noche del jueves se fragu\u00f3 todo. A\npesar de que la v\u00edspera la Diputaci\u00f3n Permanente cit\u00f3 a las 10:00 horas del\nviernes la clausura de su periodo de sesiones, para iniciar el lapso ordinario\ndel pleno, todo cambi\u00f3 a petici\u00f3n del Ejecutivo.<\/p>\n\n\n\n<p>As\u00ed que las y los diputados tuvieron\nque madrugar. Y obedecer. A las siete en punto inici\u00f3 la sesi\u00f3n de la Permanente,\nque dur\u00f3 escasos minutos, para citar a las ocho la ordinaria del pleno.<\/p>\n\n\n\n<p>Entre ese tiempo y la llegada del\ntitular del Ejecutivo, arribaron algunos funcionarios estatales; pocos, para no\ngenerar mayor ruido. Eso s\u00ed, no llevaron porra. <\/p>\n\n\n\n<p>A las ocho, puntual, inici\u00f3 la sesi\u00f3n. C\u00e9sar Morales Ni\u00f1o, que debi\u00f3 ser sustituido este viernes, continu\u00f3 en el cargo para complacer al mandatario con una recepci\u00f3n sin contratiempos y luego con un mensaje corto, que intent\u00f3 ser duro pero fue complaciente.<\/p>\n\n\n\n<figure class=\"wp-block-embed-twitter wp-block-embed is-type-rich is-provider-twitter\"><div class=\"wp-block-embed__wrapper\">\n<div class=\"twitter-tweet\"><blockquote class=\"twitter-tweet\" data-lang=\"es\"><p lang=\"es\" dir=\"ltr\">En sesi\u00f3n ordinaria del pleno del <a href=\"https:\/\/twitter.com\/CongresoOaxLXIV?ref_src=twsrc%5Etfw\">@CongresoOaxLXIV<\/a>, el gobernador <a href=\"https:\/\/twitter.com\/alejandromurat?ref_src=twsrc%5Etfw\">@alejandromurat<\/a> entreg\u00f3 su Tercer Informe y dio un mensaje en tribuna. <a href=\"https:\/\/t.co\/dNmmnJAmdG\">pic.twitter.com\/dNmmnJAmdG<\/a><\/p>&mdash; Zona Roja Oaxaca (@MexRoja) <a href=\"https:\/\/twitter.com\/MexRoja\/status\/1195355777600512005?ref_src=twsrc%5Etfw\">15 de noviembre de 2019<\/a><\/blockquote><\/div>\n<\/div><\/figure>\n\n\n\n<p>Alejandro Murat se regode\u00f3, tom\u00f3 la\ntribuna por m\u00e1s de 40 minutos, habl\u00f3 a placer de cifras, detalles, logros,\ncombate in\u00e9dito a la pobreza, apoyos educativos con la Secci\u00f3n 22 de la mano. <\/p>\n\n\n\n<p>Por m\u00e1s de 40 minutos se adue\u00f1\u00f3 del\nescenario. Y termin\u00f3 entre aplausos. <\/p>\n\n\n\n<p>Respondi\u00f3 Morales Ni\u00f1o; ley\u00f3 con\nparsimonia, en apariencia cr\u00edtica, pero al final complaciente: <\/p>\n\n\n\n<p>\u201cDeseamos que a su gobierno le vaya muy\nbien y que usted pueda dejar un gran legado para Oaxaca, como se lo mencion\u00e9\nhace un a\u00f1o las diputadas y diputados seremos sus aliados, pero no sus\nc\u00f3mplices, ofrecemos coordinaci\u00f3n, pero no subordinaci\u00f3n, debemos mantener un\nverdadero equilibrio de poderes y ser cr\u00edticos responsables de la funci\u00f3n\np\u00fablica. Es por el bien de Oaxaca\u201d.<\/p>\n\n\n\n<p>A eso de las nueve de la ma\u00f1ana, todo\nestaba consumado. A esa hora, dos kil\u00f3metros de la sede del Legislativo, los\nmaestros de la Secci\u00f3n 22 apenas se juntaban en el crucero de la avenida\nGuadalupe Hinojosa con la carretera a Cuil\u00e1pam.<\/p>\n\n\n\n<p>En el Legislativo, Murat repart\u00eda\nsaludos, abrazos; recib\u00eda parabienes. Y todav\u00eda se dio tiempo de responder\nalgunas preguntas de la prensa. Sali\u00f3 luego tranquilo, flanqueado por H\u00e9ctor\nAnuar Mafud. Se fue sonriente, satisfecho.<\/p>\n\n\n\n<p>Cerca de las diez de la ma\u00f1ana inici\u00f3\nla marcha del magisterio, que sin consignas, con escasos gritos, lleg\u00f3 a la\nsede de la C\u00e1mara de Diputados; una peque\u00f1a lista de oradores, en desorden, y\nlisto. A las 11:30 ya todo estaba consumado. Cumplida la orden.<\/p>\n\n\n\n<p>&#8211;Estuvo todo muy terso, hasta\ncomplaciente el Congreso \u2013se le cuestiona a un diputado de oposici\u00f3n al PRI.<\/p>\n\n\n\n<p>&#8211;Lo que pasa es que nos pidi\u00f3 el\ngobernador no hacer ruido con lo del cambio de la Mesa Directiva, y pues todos\nestuvimos de acuerdo \u2013acepta sin rubor.<\/p>\n\n\n\n<p>As\u00ed inici\u00f3 el segundo a\u00f1o de ejercicio\nlegal de la 64 Legislatura de Oaxaca: complaciente y terso.<\/p>\n","protected":false},"excerpt":{"rendered":"<p>Ismael Garc\u00eda M. San Raymundo Jalpan, Oax., 15 de noviembre de 2019.- Todo se hizo&hellip;<\/p>\n","protected":false},"author":2,"featured_media":5778,"comment_status":"closed","ping_status":"open","sticky":false,"template":"","format":"standard","meta":{"_lmt_disableupdate":"","_lmt_disable":"","_jetpack_memberships_contains_paid_content":false,"footnotes":""},"categories":[109,47],"tags":[1015],"class_list":["post-5777","post","type-post","status-publish","format-standard","has-post-thumbnail","hentry","category-minuto-a-minuto","category-zona-gris","tag-tercer-informe-de-gobierno"],"jetpack_featured_media_url":"https:\/\/zonaroja.com.mx\/wp-content\/uploads\/2019\/11\/Image-1-47.png","jetpack_sharing_enabled":true,"_links":{"self":[{"href":"https:\/\/zonaroja.com.mx\/index.php?rest_route=\/wp\/v2\/posts\/5777","targetHints":{"allow":["GET"]}}],"collection":[{"href":"https:\/\/zonaroja.com.mx\/index.php?rest_route=\/wp\/v2\/posts"}],"about":[{"href":"https:\/\/zonaroja.com.mx\/index.php?rest_route=\/wp\/v2\/types\/post"}],"author":[{"embeddable":true,"href":"https:\/\/zonaroja.com.mx\/index.php?rest_route=\/wp\/v2\/users\/2"}],"replies":[{"embeddable":true,"href":"https:\/\/zonaroja.com.mx\/index.php?rest_route=%2Fwp%2Fv2%2Fcomments&post=5777"}],"version-history":[{"count":1,"href":"https:\/\/zonaroja.com.mx\/index.php?rest_route=\/wp\/v2\/posts\/5777\/revisions"}],"predecessor-version":[{"id":5779,"href":"https:\/\/zonaroja.com.mx\/index.php?rest_route=\/wp\/v2\/posts\/5777\/revisions\/5779"}],"wp:featuredmedia":[{"embeddable":true,"href":"https:\/\/zonaroja.com.mx\/index.php?rest_route=\/wp\/v2\/media\/5778"}],"wp:attachment":[{"href":"https:\/\/zonaroja.com.mx\/index.php?rest_route=%2Fwp%2Fv2%2Fmedia&parent=5777"}],"wp:term":[{"taxonomy":"category","embeddable":true,"href":"https:\/\/zonaroja.com.mx\/index.php?rest_route=%2Fwp%2Fv2%2Fcategories&post=5777"},{"taxonomy":"post_tag","embeddable":true,"href":"https:\/\/zonaroja.com.mx\/index.php?rest_route=%2Fwp%2Fv2%2Ftags&post=5777"}],"curies":[{"name":"wp","href":"https:\/\/api.w.org\/{rel}","templated":true}]}}