{"id":57771,"date":"2023-07-20T12:30:00","date_gmt":"2023-07-20T17:30:00","guid":{"rendered":"http:\/\/www.zonaroja.com.mx\/?p=57771"},"modified":"2023-07-20T07:58:56","modified_gmt":"2023-07-20T12:58:56","slug":"detienen-con-armas-a-hijo-y-escoltas-de-ex-edil-oaxaqueno","status":"publish","type":"post","link":"https:\/\/zonaroja.com.mx\/?p=57771","title":{"rendered":"Detienen con armas a hijo y escoltas de ex edil oaxaque\u00f1o"},"content":{"rendered":"\n<p>Redacci\u00f3n\/Zona Roja Cdmx.<\/p>\n\n\n\n<p>Ciudad de M\u00e9xico, a 20 de julio de 2023.- Fuerzas federales detuvieron a Jos\u00e9 Ad\u00e1n M. H., hijo del ex presidente municipal de Acatl\u00e1n de P\u00e9rez Figueroa, Oaxaca, Ad\u00e1n Maciel Sosa.&nbsp;<\/p>\n\n\n\n<p>\u00c9l, junto con dos de sus escoltas, fue sometido a una revisi\u00f3n en la que se les encontraron armas de fuego de alto calibre y de uso exclusivo del Ej\u00e9rcito.<\/p>\n\n\n\n<p>De acuerdo con el reporte de fuentes federales en la zona, el aseguramiento ocurri\u00f3 en la comunidad de Vicente Camalote, municipio de Acatl\u00e1n de P\u00e9rez Figueroa, en la regi\u00f3n de la Cuenca del Papaloapan, durante un operativo realizado por las fuerzas federales.<\/p>\n\n\n\n<p>El joven Jos\u00e9 Ad\u00e1n, acompa\u00f1ado por sus escoltas Miguel G. G. y Emiliano G. M., viajaba en una camioneta Hummer de color negro, con placas del estado de Veracruz.&nbsp;<\/p>\n\n\n\n<p>Durante la revisi\u00f3n, se encontraron dos armas de fuego de gran alcance y poder, lo que llev\u00f3 a su intervenci\u00f3n y traslado a las oficinas de la delegaci\u00f3n de la Fiscal\u00eda General de la Rep\u00fablica (FGR).<\/p>\n\n\n\n<p>Tanto las armas como la unidad en la que viajaban fueron aseguradas en la FGR de Tuxtepec. Se espera que en las pr\u00f3ximas horas se defina legalmente el caso.<\/p>\n\n\n\n<p>La presencia de militares ha causado expectaci\u00f3n en Tuxtepec, ya que un convoy de siete camionetas lleg\u00f3 para brindar cobertura de seguridad durante estas intervenciones.<\/p>\n\n\n\n<p>(Informaci\u00f3n de \u201cMilenio\u201d)<\/p>\n","protected":false},"excerpt":{"rendered":"<p>Redacci\u00f3n\/Zona Roja Cdmx. Ciudad de M\u00e9xico, a 20 de julio de 2023.- Fuerzas federales detuvieron&hellip;<\/p>\n","protected":false},"author":2,"featured_media":57773,"comment_status":"closed","ping_status":"open","sticky":false,"template":"","format":"standard","meta":{"_lmt_disableupdate":"","_lmt_disable":"","_jetpack_memberships_contains_paid_content":false,"footnotes":""},"categories":[109,47],"tags":[187],"class_list":["post-57771","post","type-post","status-publish","format-standard","has-post-thumbnail","hentry","category-minuto-a-minuto","category-zona-gris","tag-acatlan-de-perez-figueroa"],"jetpack_featured_media_url":"https:\/\/zonaroja.com.mx\/wp-content\/uploads\/2023\/07\/Jose-Adan-Maciel-Acatlan-hijo-Adan-Maciel.jpg","jetpack_sharing_enabled":true,"_links":{"self":[{"href":"https:\/\/zonaroja.com.mx\/index.php?rest_route=\/wp\/v2\/posts\/57771","targetHints":{"allow":["GET"]}}],"collection":[{"href":"https:\/\/zonaroja.com.mx\/index.php?rest_route=\/wp\/v2\/posts"}],"about":[{"href":"https:\/\/zonaroja.com.mx\/index.php?rest_route=\/wp\/v2\/types\/post"}],"author":[{"embeddable":true,"href":"https:\/\/zonaroja.com.mx\/index.php?rest_route=\/wp\/v2\/users\/2"}],"replies":[{"embeddable":true,"href":"https:\/\/zonaroja.com.mx\/index.php?rest_route=%2Fwp%2Fv2%2Fcomments&post=57771"}],"version-history":[{"count":1,"href":"https:\/\/zonaroja.com.mx\/index.php?rest_route=\/wp\/v2\/posts\/57771\/revisions"}],"predecessor-version":[{"id":57774,"href":"https:\/\/zonaroja.com.mx\/index.php?rest_route=\/wp\/v2\/posts\/57771\/revisions\/57774"}],"wp:featuredmedia":[{"embeddable":true,"href":"https:\/\/zonaroja.com.mx\/index.php?rest_route=\/wp\/v2\/media\/57773"}],"wp:attachment":[{"href":"https:\/\/zonaroja.com.mx\/index.php?rest_route=%2Fwp%2Fv2%2Fmedia&parent=57771"}],"wp:term":[{"taxonomy":"category","embeddable":true,"href":"https:\/\/zonaroja.com.mx\/index.php?rest_route=%2Fwp%2Fv2%2Fcategories&post=57771"},{"taxonomy":"post_tag","embeddable":true,"href":"https:\/\/zonaroja.com.mx\/index.php?rest_route=%2Fwp%2Fv2%2Ftags&post=57771"}],"curies":[{"name":"wp","href":"https:\/\/api.w.org\/{rel}","templated":true}]}}