{"id":57775,"date":"2023-07-20T13:28:00","date_gmt":"2023-07-20T18:28:00","guid":{"rendered":"http:\/\/www.zonaroja.com.mx\/?p=57775"},"modified":"2023-07-20T08:05:28","modified_gmt":"2023-07-20T13:05:28","slug":"ratifican-que-gobernadora-de-campeche-cometio-violencia-de-genero-contra-priistas","status":"publish","type":"post","link":"https:\/\/zonaroja.com.mx\/?p=57775","title":{"rendered":"Ratifican que gobernadora de Campeche cometi\u00f3 violencia de g\u00e9nero contra priistas"},"content":{"rendered":"\n<p>Redacci\u00f3n\/Zona Roja Cdmx.<\/p>\n\n\n\n<p>Ciudad de M\u00e9xico, a 20 de julio de 2023.- El Tribunal Electoral del Poder Judicial de la Federaci\u00f3n (TEPJF) ratific\u00f3 la responsabilidad de Layda Sansores, gobernadora de Campeche, por violencia pol\u00edtica en raz\u00f3n de g\u00e9nero en contra de diputadas y ex diputadas del PRI.<\/p>\n\n\n\n<p>Por ello, valid\u00f3 la orden de incluir a la funcionaria en el Registro Nacional de Personas Sancionadas en Materia de Violencia Pol\u00edtica contra las Mujeres en Raz\u00f3n de G\u00e9nero, cuyo plazo a\u00fan est\u00e1 por definirse.<\/p>\n\n\n\n<p>Asimismo, se aprob\u00f3 la vista que se orden\u00f3 al Congreso de Campeche, al Tribunal Federal de Justicia y a la Secretar\u00eda de Gobernaci\u00f3n, para que impongan en la medida de sus atribuciones la sanci\u00f3n correspondiente.<\/p>\n\n\n\n<p>La decisi\u00f3n se tom\u00f3 al resolver 14 recursos de revisi\u00f3n del Procedimiento Especial Sancionador contra la decisi\u00f3n de la Sala Regional Especialidad que acredit\u00f3 la existencia de violencia pol\u00edtica en raz\u00f3n de g\u00e9nero en materia electoral.<\/p>\n\n\n\n<p>Ello con relaci\u00f3n a los dichos de Sansores en el cap\u00edtulo 32 del programa \u201cMartes del Jaguar\u201d, difundido el 5 de julio de 2022, en el que la funcionaria dijo p\u00fablicamente tener fotograf\u00edas que legisladoras del PRI habr\u00edan enviado al l\u00edder nacional de su partido, Alejandro Moreno, algunas de ellas desnudas.<\/p>\n\n\n\n<p>\u201cPero cuidado diputadas, porque algunas de ustedes mandaron fotos en, de veras, unas hasta desnudas, entonces se las mandan a \u2018Alito\u2019 y \u2018Alito\u2019 con eso las tiene, y creen que \u00e9l las va a cuidar y que va a proteger esas fotos, no, no pueden intimidar as\u00ed con este se\u00f1or, porque \u00e9l no tiene escr\u00fapulos\u201d, dijo.<\/p>\n\n\n\n<p>La Sala Regional Especializada orden\u00f3 a Sansores medidas de reparaci\u00f3n del da\u00f1o, consistentes, entre otras cosas, en eliminar publicaciones de los medios de difusi\u00f3n del gobierno, incluyendo redes sociales, abstenerse de referirse otra vez al tema, y emitir una disculpa p\u00fablica.<\/p>\n\n\n\n<p>Y en una sesi\u00f3n posterior, realizada en su sesi\u00f3n del 30 de mayo pasado, impuso, adem\u00e1s, medidas complementarias de reparaci\u00f3n consistentes en publicar la sentencia en los medios de difusi\u00f3n del gobierno, incluidas las redes sociales; y publicar en dichos medios la disculpa p\u00fablica; as\u00ed como tomar un curso para prevenir la violencia pol\u00edtica en raz\u00f3n de g\u00e9nero.<\/p>\n\n\n\n<p>No obstante, este mi\u00e9rcoles, la mayor\u00eda de los cuatro magistrados de la Sala Superior asistentes en la sesi\u00f3n p\u00fablica, revocaron las medidas complementarias, pues consideraron que con ellas se estaba juzgado dos veces la gobernadora por los mismos hechos, pues con antelaci\u00f3n ya se le hab\u00eda impuesto una sanci\u00f3n.<\/p>\n\n\n\n<p>El caso se devolvi\u00f3 a la Sala Regional para que, exclusivamente, fije la temporalidad que Sansores debe permanecer en el Registro Nacional de Personas Sancionadas en Materia de Violencia Pol\u00edtica contra las Mujeres en Raz\u00f3n de G\u00e9nero.<\/p>\n\n\n\n<p>(Informaci\u00f3n de \u201cEl Financiero)<\/p>\n","protected":false},"excerpt":{"rendered":"<p>Redacci\u00f3n\/Zona Roja Cdmx. Ciudad de M\u00e9xico, a 20 de julio de 2023.- El Tribunal Electoral&hellip;<\/p>\n","protected":false},"author":2,"featured_media":57776,"comment_status":"closed","ping_status":"open","sticky":false,"template":"","format":"standard","meta":{"_lmt_disableupdate":"","_lmt_disable":"","_jetpack_memberships_contains_paid_content":false,"footnotes":""},"categories":[109,47],"tags":[3430],"class_list":["post-57775","post","type-post","status-publish","format-standard","has-post-thumbnail","hentry","category-minuto-a-minuto","category-zona-gris","tag-layda-sansores-campeche"],"jetpack_featured_media_url":"https:\/\/zonaroja.com.mx\/wp-content\/uploads\/2023\/07\/Layda-Sansores.jpeg","jetpack_sharing_enabled":true,"_links":{"self":[{"href":"https:\/\/zonaroja.com.mx\/index.php?rest_route=\/wp\/v2\/posts\/57775","targetHints":{"allow":["GET"]}}],"collection":[{"href":"https:\/\/zonaroja.com.mx\/index.php?rest_route=\/wp\/v2\/posts"}],"about":[{"href":"https:\/\/zonaroja.com.mx\/index.php?rest_route=\/wp\/v2\/types\/post"}],"author":[{"embeddable":true,"href":"https:\/\/zonaroja.com.mx\/index.php?rest_route=\/wp\/v2\/users\/2"}],"replies":[{"embeddable":true,"href":"https:\/\/zonaroja.com.mx\/index.php?rest_route=%2Fwp%2Fv2%2Fcomments&post=57775"}],"version-history":[{"count":1,"href":"https:\/\/zonaroja.com.mx\/index.php?rest_route=\/wp\/v2\/posts\/57775\/revisions"}],"predecessor-version":[{"id":57777,"href":"https:\/\/zonaroja.com.mx\/index.php?rest_route=\/wp\/v2\/posts\/57775\/revisions\/57777"}],"wp:featuredmedia":[{"embeddable":true,"href":"https:\/\/zonaroja.com.mx\/index.php?rest_route=\/wp\/v2\/media\/57776"}],"wp:attachment":[{"href":"https:\/\/zonaroja.com.mx\/index.php?rest_route=%2Fwp%2Fv2%2Fmedia&parent=57775"}],"wp:term":[{"taxonomy":"category","embeddable":true,"href":"https:\/\/zonaroja.com.mx\/index.php?rest_route=%2Fwp%2Fv2%2Fcategories&post=57775"},{"taxonomy":"post_tag","embeddable":true,"href":"https:\/\/zonaroja.com.mx\/index.php?rest_route=%2Fwp%2Fv2%2Ftags&post=57775"}],"curies":[{"name":"wp","href":"https:\/\/api.w.org\/{rel}","templated":true}]}}