{"id":57780,"date":"2023-07-20T10:30:00","date_gmt":"2023-07-20T15:30:00","guid":{"rendered":"http:\/\/www.zonaroja.com.mx\/?p=57780"},"modified":"2023-07-20T08:29:53","modified_gmt":"2023-07-20T13:29:53","slug":"rehabilita-gobierno-de-xoxocotlan-semaforos-para-mejorar-la-movilidad-urbana","status":"publish","type":"post","link":"https:\/\/zonaroja.com.mx\/?p=57780","title":{"rendered":"Rehabilita gobierno de Xoxocotl\u00e1n sem\u00e1foros para mejorar la movilidad urbana"},"content":{"rendered":"\n<p>Redacci\u00f3n\/Zona Roja.<\/p>\n\n\n\n<p>Oaxaca de Ju\u00e1rez, Oax., a 20 de julio de 2023.- Para proteger a los peatones y mejorar la movilidad de las y los automovilistas en Santa Cruz Xoxocotl\u00e1n, la administraci\u00f3n municipal que preside Inocente Castellanos Alejos, a trav\u00e9s de la Direcci\u00f3n de Obras Publicas y Comisar\u00eda de Vialidad, realiz\u00f3 trabajos de mantenimiento correctivo a los sistemas de semaforizaci\u00f3n en diferentes cruceros del casco urbano.&nbsp;<\/p>\n\n\n\n<p>El gobierno de Xoxocotl\u00e1n detall\u00f3 que los trabajos se desarrollaron en los sem\u00e1foros ubicados en los cruceros de Guadalupe Hinojosa con Bodega Aurrera, con Ex-Garita, Rancho Escondido, Hornos y Moctezuma.&nbsp;<\/p>\n\n\n\n<p>De igual manera, se corrigieron los ubicados en Porfirio D\u00edaz con Morelos, boulevard Medico Militar-Donaj\u00ed y, ese mismo tramo con Revoluci\u00f3n en la carretera a Arrazola.<\/p>\n\n\n\n<p>Cabe destacar que las acciones consistieron en el suministro de interruptor termomagn\u00e9tico de pastillas, colocaci\u00f3n de tapas de registro el\u00e9ctrico a base de concreto, suministro e instalaci\u00f3n de lente tipo leds para sem\u00e1foro color verde, suministro e instalaci\u00f3n de cabezal de sem\u00e1foro de tres luces leds, suministro e instalaci\u00f3n de herrajes tipo tel\u00e9fono y el suministro e instalaci\u00f3n de tarjeta reveladora de corriente.<\/p>\n\n\n\n<p>De igual manera, se realiz\u00f3 la instalaci\u00f3n de un se\u00f1alamiento elevado en el bulevar M\u00e9dico Militar y la calle Revoluci\u00f3n, Carretera a Arrazola, que incluy\u00f3 el cableado de conexiones y reprogramaci\u00f3n del sistema de sem\u00e1foros en campo.<\/p>\n\n\n\n<p>Al respecto, el edil \u201cChente\u201d Castellanos indic\u00f3 que estas acciones se realizaron con recursos propios del gobierno municipal y que se atendieron como prioritarias para garantizar la seguridad de la poblaci\u00f3n, tal es el caso del sem\u00e1foro derribado por las lluvias del pasado 3 de junio el que en menos de un mes se restableci\u00f3.<\/p>\n\n\n\n<p>\u201cMi prioridad es que la poblaci\u00f3n se mantenga segura en todos los \u00e1mbitos, adem\u00e1s nos mantenemos pendientes de las voces ciudadanas quienes se\u00f1alan lo que es prioritario para ellos, mi gobierno se fundamenta en lo que es de inter\u00e9s de la poblaci\u00f3n y por ello, en el primer semestre de este a\u00f1o hemos atendido peticiones como la referente a la semaforizaci\u00f3n, por ser el nuestro un municipio de alta densidad vehicular y paso importante para otras comunidades\u201d, puntualiz\u00f3.<\/p>\n","protected":false},"excerpt":{"rendered":"<p>Redacci\u00f3n\/Zona Roja. Oaxaca de Ju\u00e1rez, Oax., a 20 de julio de 2023.- Para proteger a&hellip;<\/p>\n","protected":false},"author":2,"featured_media":57782,"comment_status":"closed","ping_status":"open","sticky":false,"template":"","format":"standard","meta":{"_lmt_disableupdate":"","_lmt_disable":"","_jetpack_memberships_contains_paid_content":false,"footnotes":""},"categories":[109,46],"tags":[133],"class_list":["post-57780","post","type-post","status-publish","format-standard","has-post-thumbnail","hentry","category-minuto-a-minuto","category-zona-blanca","tag-santa-cruz-xoxocotlan"],"jetpack_featured_media_url":"https:\/\/zonaroja.com.mx\/wp-content\/uploads\/2023\/07\/Semaforos-Xoxocotlan.jpg","jetpack_sharing_enabled":true,"_links":{"self":[{"href":"https:\/\/zonaroja.com.mx\/index.php?rest_route=\/wp\/v2\/posts\/57780","targetHints":{"allow":["GET"]}}],"collection":[{"href":"https:\/\/zonaroja.com.mx\/index.php?rest_route=\/wp\/v2\/posts"}],"about":[{"href":"https:\/\/zonaroja.com.mx\/index.php?rest_route=\/wp\/v2\/types\/post"}],"author":[{"embeddable":true,"href":"https:\/\/zonaroja.com.mx\/index.php?rest_route=\/wp\/v2\/users\/2"}],"replies":[{"embeddable":true,"href":"https:\/\/zonaroja.com.mx\/index.php?rest_route=%2Fwp%2Fv2%2Fcomments&post=57780"}],"version-history":[{"count":1,"href":"https:\/\/zonaroja.com.mx\/index.php?rest_route=\/wp\/v2\/posts\/57780\/revisions"}],"predecessor-version":[{"id":57783,"href":"https:\/\/zonaroja.com.mx\/index.php?rest_route=\/wp\/v2\/posts\/57780\/revisions\/57783"}],"wp:featuredmedia":[{"embeddable":true,"href":"https:\/\/zonaroja.com.mx\/index.php?rest_route=\/wp\/v2\/media\/57782"}],"wp:attachment":[{"href":"https:\/\/zonaroja.com.mx\/index.php?rest_route=%2Fwp%2Fv2%2Fmedia&parent=57780"}],"wp:term":[{"taxonomy":"category","embeddable":true,"href":"https:\/\/zonaroja.com.mx\/index.php?rest_route=%2Fwp%2Fv2%2Fcategories&post=57780"},{"taxonomy":"post_tag","embeddable":true,"href":"https:\/\/zonaroja.com.mx\/index.php?rest_route=%2Fwp%2Fv2%2Ftags&post=57780"}],"curies":[{"name":"wp","href":"https:\/\/api.w.org\/{rel}","templated":true}]}}