{"id":57788,"date":"2023-07-20T12:00:00","date_gmt":"2023-07-20T17:00:00","guid":{"rendered":"http:\/\/www.zonaroja.com.mx\/?p=57788"},"modified":"2023-07-20T08:52:46","modified_gmt":"2023-07-20T13:52:46","slug":"concluye-poder-judicial-obras-de-pavimentacion-en-vialidades-de-centros-de-justicia","status":"publish","type":"post","link":"https:\/\/zonaroja.com.mx\/?p=57788","title":{"rendered":"Concluye\u00a0Poder Judicial obras de pavimentaci\u00f3n\u00a0en vialidades de Centros de Justicia"},"content":{"rendered":"\n<p>Redacci\u00f3n\/Zona Roja.<\/p>\n\n\n\n<p>Oaxaca de Ju\u00e1rez, Oax., a 20 de julio de 2023.- Como parte de las obras complementarias y de mejoramiento de la infraestructura de los Centros de Justicia \u201cMargarita Maza Parada\u201d, en San Francisco Tanivet, Tlacolula&nbsp;y&nbsp;\u201cManuel Sabino Crespo\u201d, en Ejutla, el Poder Judicial del Estado&nbsp;concluy\u00f3&nbsp;los trabajos de&nbsp;colocaci\u00f3n de pavimento hidr\u00e1ulico&nbsp;en el \u00e1rea del estacionamiento,&nbsp;banquetas&nbsp;y&nbsp;guarniciones, en beneficio de las personas que laboran en ambos&nbsp;inmuebles&nbsp;y de las y los usuarios que&nbsp;ah\u00ed&nbsp;acuden por diferentes asuntos.&nbsp;<\/p>\n\n\n\n<p>Al respecto, el&nbsp;magistrado presidente&nbsp;Eduardo Pinacho S\u00e1nchez,&nbsp;se\u00f1al\u00f3 que&nbsp;con&nbsp;estas acciones&nbsp;se cumple&nbsp;una de las principales directrices trazadas por&nbsp;su administraci\u00f3n&nbsp;para humanizar la justicia y&nbsp;contar con&nbsp;la infraestructura necesaria,&nbsp;segura,&nbsp;digna y adecuada&nbsp;que garantice&nbsp;la atenci\u00f3n&nbsp;a la altura de los requerimientos de la sociedad.<\/p>\n\n\n\n<p>De acuerdo con informaci\u00f3n de la Direcci\u00f3n de Infraestructura Judicial,&nbsp;dentro de&nbsp;estos&nbsp;trabajos de pavimentaci\u00f3n se proyectaron&nbsp;\u00e1reas, zonas de ascenso,&nbsp;descenso y&nbsp;cajones de veh\u00edculos para personas con discapacidad,&nbsp;adem\u00e1s de&nbsp;rampas y banquetas de circulaci\u00f3n peatonal. Asimismo,&nbsp;los&nbsp;arroyos&nbsp;vehiculares&nbsp;cuentancon pasos peatonales de preferencia.<\/p>\n\n\n\n<p>En lo que corresponde al Centro de Justicia&nbsp;\u201cMargarita Maza Parada\u201d,&nbsp;que&nbsp;se&nbsp;encuentra en una superficie de 30 mil 613 metros cuadrados e integra dos&nbsp;edificios,&nbsp;se habilitaron 138 cajones de estacionamiento para veh\u00edculos, seis espacios exclusivos para personas con discapacidad y 14 para motocicletas,&nbsp;se coloc\u00f3 la se\u00f1al\u00e9tica&nbsp;y&nbsp;malla perimetral de seguridad de 1.22 metros de altura.<\/p>\n\n\n\n<p>Otros trabajos fueron el corte de terreno para guarnici\u00f3n y banqueta, relleno, afine y compactaci\u00f3n, concreto de diez cent\u00edmetros de espesor. Este Centro&nbsp;alberga un juzgado de control, un tribunal de enjuiciamiento, un juzgado de ejecuci\u00f3n, cinco juzgados penales y un juzgado civil, as\u00ed como m\u00e1s de diez salas de audiencia, adem\u00e1s de \u00e1reas de instituciones involucradas en el Sistema Penal Acusatorio.&nbsp;<\/p>\n\n\n\n<p>En tanto, en el Centro de Justicia&nbsp;\u201cManuel Sabino Crespo\u201d,&nbsp;que brinda atenci\u00f3n a 31 municipios de esta zona de los Valles Centrales, se efectuaron obras similares y&nbsp;tambi\u00e9n se coloc\u00f3&nbsp;pavimento hidr\u00e1ulico en el \u00e1rea del estacionamiento, banquetas y&nbsp;guarniciones,&nbsp;adem\u00e1s de que fue dotado de un pozo de absorci\u00f3n y obra de captaci\u00f3n de agua.&nbsp;<\/p>\n","protected":false},"excerpt":{"rendered":"<p>Redacci\u00f3n\/Zona Roja. Oaxaca de Ju\u00e1rez, Oax., a 20 de julio de 2023.- Como parte de&hellip;<\/p>\n","protected":false},"author":2,"featured_media":57762,"comment_status":"closed","ping_status":"open","sticky":false,"template":"","format":"standard","meta":{"_lmt_disableupdate":"","_lmt_disable":"","_jetpack_memberships_contains_paid_content":false,"footnotes":""},"categories":[109,46],"tags":[223],"class_list":["post-57788","post","type-post","status-publish","format-standard","has-post-thumbnail","hentry","category-minuto-a-minuto","category-zona-blanca","tag-poder-judicial-de-oaxaca"],"jetpack_featured_media_url":"https:\/\/zonaroja.com.mx\/wp-content\/uploads\/2023\/07\/Trabajos-en-el-Centro-de-Justicia-de-Tanivet.jpg","jetpack_sharing_enabled":true,"_links":{"self":[{"href":"https:\/\/zonaroja.com.mx\/index.php?rest_route=\/wp\/v2\/posts\/57788","targetHints":{"allow":["GET"]}}],"collection":[{"href":"https:\/\/zonaroja.com.mx\/index.php?rest_route=\/wp\/v2\/posts"}],"about":[{"href":"https:\/\/zonaroja.com.mx\/index.php?rest_route=\/wp\/v2\/types\/post"}],"author":[{"embeddable":true,"href":"https:\/\/zonaroja.com.mx\/index.php?rest_route=\/wp\/v2\/users\/2"}],"replies":[{"embeddable":true,"href":"https:\/\/zonaroja.com.mx\/index.php?rest_route=%2Fwp%2Fv2%2Fcomments&post=57788"}],"version-history":[{"count":1,"href":"https:\/\/zonaroja.com.mx\/index.php?rest_route=\/wp\/v2\/posts\/57788\/revisions"}],"predecessor-version":[{"id":57789,"href":"https:\/\/zonaroja.com.mx\/index.php?rest_route=\/wp\/v2\/posts\/57788\/revisions\/57789"}],"wp:featuredmedia":[{"embeddable":true,"href":"https:\/\/zonaroja.com.mx\/index.php?rest_route=\/wp\/v2\/media\/57762"}],"wp:attachment":[{"href":"https:\/\/zonaroja.com.mx\/index.php?rest_route=%2Fwp%2Fv2%2Fmedia&parent=57788"}],"wp:term":[{"taxonomy":"category","embeddable":true,"href":"https:\/\/zonaroja.com.mx\/index.php?rest_route=%2Fwp%2Fv2%2Fcategories&post=57788"},{"taxonomy":"post_tag","embeddable":true,"href":"https:\/\/zonaroja.com.mx\/index.php?rest_route=%2Fwp%2Fv2%2Ftags&post=57788"}],"curies":[{"name":"wp","href":"https:\/\/api.w.org\/{rel}","templated":true}]}}