{"id":57790,"date":"2023-07-20T10:56:00","date_gmt":"2023-07-20T15:56:00","guid":{"rendered":"http:\/\/www.zonaroja.com.mx\/?p=57790"},"modified":"2023-07-20T09:04:11","modified_gmt":"2023-07-20T14:04:11","slug":"el-62-3-de-mexicanos-se-siente-inseguro-en-su-ciudad-inegi","status":"publish","type":"post","link":"https:\/\/zonaroja.com.mx\/?p=57790","title":{"rendered":"El 62.3% de mexicanos se siente inseguro en su ciudad: Inegi"},"content":{"rendered":"\n<p>Redacci\u00f3n\/Zona Roja Cdmx.<\/p>\n\n\n\n<p>Ciudad de M\u00e9xico, a 20 de julio de 2023.- La percepci\u00f3n de inseguridad de los mexicanos subi\u00f3 ligeramente a 62.3 por ciento en el segundo trimestre de 2023 en medio de ataques del crimen organizado de alto perfil, inform\u00f3 este mi\u00e9rcoles el Instituto Nacional de Estad\u00edstica y Geograf\u00eda (Inegi).<\/p>\n\n\n\n<p>Esto significa que m\u00e1s de 6 de cada 10 habitantes de 18 a\u00f1os y m\u00e1s consideraron inseguro vivir en su ciudad, seg\u00fan la Encuesta Nacional de Seguridad P\u00fablica Urbana (ENSU) del Inegi.<\/p>\n\n\n\n<p>\u201cNo representa un cambio estad\u00edsticamente significativo con relaci\u00f3n al porcentaje registrado en marzo de 2023 (62.1 por ciento). No obstante, s\u00ed representa un cambio estad\u00edsticamente significativo con respecto a junio de 2022, que fue 67.4 por ciento\u201d, apunt\u00f3 el instituto aut\u00f3nomo en su reporte.<\/p>\n\n\n\n<p>La estad\u00edstica exhibi\u00f3 una creciente brecha de g\u00e9nero, con el 68.6 por ciento de mujeres que reportaron inseguridad frente al 54.8 por ciento de los hombres.<\/p>\n\n\n\n<p>Un a\u00f1o antes, el 72.9 por ciento de ellas percib\u00eda inseguridad en comparaci\u00f3n con el 60.9 por ciento de ellos.<\/p>\n\n\n\n<p>El leve aumento en la percepci\u00f3n de inseguridad ocurre tras revelarse la semana pasada que el n\u00famero de homicidios dolosos en M\u00e9xico cay\u00f3 un 1.68 por ciento interanual en el primer semestre de 2023 hasta los 15 mil 122 asesinatos, seg\u00fan inform\u00f3 la Secretar\u00eda de Seguridad y Protecci\u00f3n Ciudadana (SSPC).<\/p>\n\n\n\n<p>De abril a junio pasados, hubo ataques del crimen de alto perfil, como un atentado que dej\u00f3 10 muertos en un rally de autom\u00f3viles en el estado de Baja California, un tiroteo en un balneario de Guanajuato con siete fallecidos, y el secuestro de 16 agentes de seguridad p\u00fablica en Chiapas.<\/p>\n\n\n\n<p>Los homicidios decrecieron un 7.1 por ciento anual en 2022 hasta los 30 mil 968 asesinatos, el tercer a\u00f1o consecutivo de ca\u00edda tras los a\u00f1os m\u00e1s violentos de la historia de M\u00e9xico, con 34 mil 718 en 2019, 34 mil 563 en 2020 y 33 mil 350 en 2021.<\/p>\n\n\n\n<p>LAS M\u00c1S INSEGURAS<\/p>\n\n\n\n<p>La ciudad mexicana con mayor percepci\u00f3n de inseguridad fue Fresnillo, en el c\u00e9ntrico estado de Zacatecas, donde 92.8 % de sus habitantes reportaron este sentimiento en medio de las masacres que ah\u00ed comete el crimen organizado.<\/p>\n\n\n\n<p>Le siguen Zacatecas (91.7 %), Ciudad Obreg\u00f3n (90.3 %), Ecatepec (87.6 %), Irapuato (87.3 %) y Naucalpan (87.2 %).<\/p>\n\n\n\n<p>En contraste, la ciudad menos insegura fue San Pedro Garza Garc\u00eda, municipio del norte\u00f1o estado de Nuevo Le\u00f3n, considerado el m\u00e1s rico del pa\u00eds, donde solo 13.2 % de la poblaci\u00f3n report\u00f3 inseguridad.<\/p>\n\n\n\n<p>Le siguieron la alcald\u00eda Benito Ju\u00e1rez, demarcaci\u00f3n interna de Ciudad de M\u00e9xico (19.8 %), Piedras Negras (20 %), Cuajimalpa (20.4 %), Saltillo (22.2 %), y Tampico (23 %).<\/p>\n\n\n\n<p>EN ESPACIOS P\u00daBLICOS<\/p>\n\n\n\n<p>En cuanto a espacios f\u00edsicos espec\u00edficos, 73 % de la poblaci\u00f3n manifest\u00f3 sentirse insegura en los cajeros autom\u00e1ticos, el 65.5 % en el transporte p\u00fablico, el 57.3 % en el banco, y el 54.4 % en las calles que habitualmente usa.<\/p>\n\n\n\n<p>La poblaci\u00f3n que report\u00f3 haber atestiguado conductas delictivas en los alrededores de su vivienda se relacion\u00f3 con consumo de alcohol en las calles (61.5 %), robos o asaltos (51.7 %), venta o consumo de drogas (40.3 %), vandalismo (39.9 %) y disparos con armas (36.5 %).<\/p>\n\n\n\n<p>Tambi\u00e9n denunciaron bandas violentas o pandillerismo (24.9 %), tomas irregulares de luz (14 %) y robo o venta ilegal de gasolina o di\u00e9sel, lo que en M\u00e9xico se llama \u201chuachicol\u201d (3.4 %).<\/p>\n\n\n\n<p>(Con informaci\u00f3n de EFE, en L\u00f3pez-D\u00f3riga Digital)<\/p>\n","protected":false},"excerpt":{"rendered":"<p>Redacci\u00f3n\/Zona Roja Cdmx. Ciudad de M\u00e9xico, a 20 de julio de 2023.- La percepci\u00f3n de&hellip;<\/p>\n","protected":false},"author":2,"featured_media":40294,"comment_status":"closed","ping_status":"open","sticky":false,"template":"","format":"standard","meta":{"_lmt_disableupdate":"","_lmt_disable":"","_jetpack_memberships_contains_paid_content":false,"footnotes":""},"categories":[109,47],"tags":[1746],"class_list":["post-57790","post","type-post","status-publish","format-standard","has-post-thumbnail","hentry","category-minuto-a-minuto","category-zona-gris","tag-violencia-en-mexico"],"jetpack_featured_media_url":"https:\/\/zonaroja.com.mx\/wp-content\/uploads\/2022\/04\/Asalto-a-mano-armada-inseguridad-violencia-robo.jpg","jetpack_sharing_enabled":true,"_links":{"self":[{"href":"https:\/\/zonaroja.com.mx\/index.php?rest_route=\/wp\/v2\/posts\/57790","targetHints":{"allow":["GET"]}}],"collection":[{"href":"https:\/\/zonaroja.com.mx\/index.php?rest_route=\/wp\/v2\/posts"}],"about":[{"href":"https:\/\/zonaroja.com.mx\/index.php?rest_route=\/wp\/v2\/types\/post"}],"author":[{"embeddable":true,"href":"https:\/\/zonaroja.com.mx\/index.php?rest_route=\/wp\/v2\/users\/2"}],"replies":[{"embeddable":true,"href":"https:\/\/zonaroja.com.mx\/index.php?rest_route=%2Fwp%2Fv2%2Fcomments&post=57790"}],"version-history":[{"count":1,"href":"https:\/\/zonaroja.com.mx\/index.php?rest_route=\/wp\/v2\/posts\/57790\/revisions"}],"predecessor-version":[{"id":57791,"href":"https:\/\/zonaroja.com.mx\/index.php?rest_route=\/wp\/v2\/posts\/57790\/revisions\/57791"}],"wp:featuredmedia":[{"embeddable":true,"href":"https:\/\/zonaroja.com.mx\/index.php?rest_route=\/wp\/v2\/media\/40294"}],"wp:attachment":[{"href":"https:\/\/zonaroja.com.mx\/index.php?rest_route=%2Fwp%2Fv2%2Fmedia&parent=57790"}],"wp:term":[{"taxonomy":"category","embeddable":true,"href":"https:\/\/zonaroja.com.mx\/index.php?rest_route=%2Fwp%2Fv2%2Fcategories&post=57790"},{"taxonomy":"post_tag","embeddable":true,"href":"https:\/\/zonaroja.com.mx\/index.php?rest_route=%2Fwp%2Fv2%2Ftags&post=57790"}],"curies":[{"name":"wp","href":"https:\/\/api.w.org\/{rel}","templated":true}]}}