{"id":57792,"date":"2023-07-20T18:05:00","date_gmt":"2023-07-20T23:05:00","guid":{"rendered":"http:\/\/www.zonaroja.com.mx\/?p=57792"},"modified":"2023-07-20T09:07:58","modified_gmt":"2023-07-20T14:07:58","slug":"genaro-garcia-luna-y-familiares-tienen-tres-ordenes-de-aprehension-vigentes","status":"publish","type":"post","link":"https:\/\/zonaroja.com.mx\/?p=57792","title":{"rendered":"Genaro Garc\u00eda Luna y familiares tienen tres \u00f3rdenes de aprehensi\u00f3n vigentes"},"content":{"rendered":"\n<p>Redacci\u00f3n\/Zona Roja Cdmx.<\/p>\n\n\n\n<p>Ciudad de M\u00e9xico, a 20 de julio de 2023.-La Fiscal\u00eda General de la Rep\u00fablica (FGR) inform\u00f3 que cuenta con tres \u00f3rdenes de aprehensi\u00f3n vigentes en contra de Genaro Garc\u00eda Luna, su esposa y varios de sus hermanos, por delitos cometidos en M\u00e9xico.<\/p>\n\n\n\n<p>La justicia mexicana busca que Garc\u00eda Luna responda por su participaci\u00f3n en el caso \u201cR\u00e1pido y Furioso\u201d, en el que se introdujeron ilegalmente al pa\u00eds armas \u201cque han causado un gran n\u00famero de muertos y da\u00f1os irreparables a la justicia\u201d.<\/p>\n\n\n\n<p>\u201cLa segunda orden de aprehensi\u00f3n concierne a la participaci\u00f3n de Genaro Garc\u00eda Luna en un da\u00f1o patrimonial inmenso, que lleg\u00f3 a m\u00e1s de 64,900 millones de pesos, en el caso de la construcci\u00f3n y operaci\u00f3n de diversos penales federales, privatizados mediante gestiones de dicho individuo y sus c\u00f3mplices; y que, gracias a la actuaci\u00f3n del Gobierno de la Rep\u00fablica, se ha logrado revertir la mayor parte de dichos da\u00f1os\u201d, detall\u00f3 la FGR.<\/p>\n\n\n\n<p>\u201cLa tercera orden de aprehensi\u00f3n se refiere a la participaci\u00f3n delictiva de Genaro Garc\u00eda Luna, en los contratos ilegales y abusivos de equipamiento de las c\u00e1rceles p\u00fablicas federales del pa\u00eds, cuyo da\u00f1o se estima en 5,112 millones de pesos, en 10 contratos ilegales\u201d, detall\u00f3.<\/p>\n\n\n\n<p>La Fiscal\u00eda se\u00f1al\u00f3 que sobre este \u00faltimo caso, un juez libr\u00f3 \u00f3rdenes de aprehensi\u00f3n tambi\u00e9n contra la esposa y varios hermanos de Genaro, igual que a m\u00e1s de 50 personas involucradas en peculado y operaciones con recursos de procedencia il\u00edcita.<\/p>\n\n\n\n<p>\u201cVarias de esas personas ya se encuentran vinculadas a proceso y se han librado fichas rojas para quienes se fugaron del pa\u00eds en su momento. Y se han asegurado diversos bienes inmuebles, bloqueando las cuentas bancarias de los involucrados\u201d, inform\u00f3 la autoridad.<\/p>\n\n\n\n<p>Las \u00f3rdenes de aprehensi\u00f3n en contra de Genaro Garc\u00eda, y de sus c\u00f3mplices que se dieron a la fuga, se est\u00e1n tramitando con car\u00e1cter de urgente ante las autoridades correspondientes para obtener, en su caso, la extradici\u00f3n que procede, destac\u00f3.<\/p>\n\n\n\n<p>En febrero de este a\u00f1o, en Nueva York, Estados Unidos, un jurado declar\u00f3 culpable por narcotr\u00e1fico a Garc\u00eda Luna.<\/p>\n\n\n\n<p>Garc\u00eda Luna encabez\u00f3 la Agencia Federal de Investigaci\u00f3n (AFI) durante el gobierno de Vicente Fox, y fue secretario de Seguridad P\u00fablica durante el sexenio de Felipe Calder\u00f3n.<\/p>\n\n\n\n<p>El exfuncionario, detenido en diciembre de 2019 en Dallas, Texas ha estado en una prisi\u00f3n estadounidense, donde podr\u00eda pasar el resto de su vida.<\/p>\n\n\n\n<p>La administraci\u00f3n de L\u00f3pez Obrador ha buscado que pol\u00edticos mexicanos detenidos en Estados Unidos por dinero il\u00edcito devuelvan al Gobierno recursos p\u00fablicos, como es el caso de Garc\u00eda Luna.<\/p>\n\n\n\n<p>(Informaci\u00f3n de Expansi\u00f3n Pol\u00edtica)<\/p>\n","protected":false},"excerpt":{"rendered":"<p>Redacci\u00f3n\/Zona Roja Cdmx. Ciudad de M\u00e9xico, a 20 de julio de 2023.-La Fiscal\u00eda General de&hellip;<\/p>\n","protected":false},"author":2,"featured_media":52028,"comment_status":"closed","ping_status":"open","sticky":false,"template":"","format":"standard","meta":{"_lmt_disableupdate":"","_lmt_disable":"","_jetpack_memberships_contains_paid_content":false,"footnotes":""},"categories":[109,47],"tags":[1123],"class_list":["post-57792","post","type-post","status-publish","format-standard","has-post-thumbnail","hentry","category-minuto-a-minuto","category-zona-gris","tag-genaro-garcia-luna"],"jetpack_featured_media_url":"https:\/\/zonaroja.com.mx\/wp-content\/uploads\/2023\/02\/Felipe-Calderon-y-Genaro-Garcia-Luna.webp","jetpack_sharing_enabled":true,"_links":{"self":[{"href":"https:\/\/zonaroja.com.mx\/index.php?rest_route=\/wp\/v2\/posts\/57792","targetHints":{"allow":["GET"]}}],"collection":[{"href":"https:\/\/zonaroja.com.mx\/index.php?rest_route=\/wp\/v2\/posts"}],"about":[{"href":"https:\/\/zonaroja.com.mx\/index.php?rest_route=\/wp\/v2\/types\/post"}],"author":[{"embeddable":true,"href":"https:\/\/zonaroja.com.mx\/index.php?rest_route=\/wp\/v2\/users\/2"}],"replies":[{"embeddable":true,"href":"https:\/\/zonaroja.com.mx\/index.php?rest_route=%2Fwp%2Fv2%2Fcomments&post=57792"}],"version-history":[{"count":1,"href":"https:\/\/zonaroja.com.mx\/index.php?rest_route=\/wp\/v2\/posts\/57792\/revisions"}],"predecessor-version":[{"id":57793,"href":"https:\/\/zonaroja.com.mx\/index.php?rest_route=\/wp\/v2\/posts\/57792\/revisions\/57793"}],"wp:featuredmedia":[{"embeddable":true,"href":"https:\/\/zonaroja.com.mx\/index.php?rest_route=\/wp\/v2\/media\/52028"}],"wp:attachment":[{"href":"https:\/\/zonaroja.com.mx\/index.php?rest_route=%2Fwp%2Fv2%2Fmedia&parent=57792"}],"wp:term":[{"taxonomy":"category","embeddable":true,"href":"https:\/\/zonaroja.com.mx\/index.php?rest_route=%2Fwp%2Fv2%2Fcategories&post=57792"},{"taxonomy":"post_tag","embeddable":true,"href":"https:\/\/zonaroja.com.mx\/index.php?rest_route=%2Fwp%2Fv2%2Ftags&post=57792"}],"curies":[{"name":"wp","href":"https:\/\/api.w.org\/{rel}","templated":true}]}}