{"id":57800,"date":"2023-07-20T20:41:53","date_gmt":"2023-07-21T01:41:53","guid":{"rendered":"http:\/\/www.zonaroja.com.mx\/?p=57800"},"modified":"2023-07-20T20:41:55","modified_gmt":"2023-07-21T01:41:55","slug":"de-nuevo-llaman-desde-el-congreso-a-neri-a-solucionar-desorden-en-centro-historico","status":"publish","type":"post","link":"https:\/\/zonaroja.com.mx\/?p=57800","title":{"rendered":"De nuevo, llaman desde el Congreso a Neri a solucionar desorden en Centro Hist\u00f3rico"},"content":{"rendered":"\n<p>Yuridiana Sosa\/Zona Roja.<\/p>\n\n\n\n<p>Oaxaca de Ju\u00e1rez, Oax., a 20 de julio de 2023.-El desorden con el comercio en v\u00eda p\u00fablica y la obstrucci\u00f3n de vialidades en el Centro Hist\u00f3rico de la ciudad de Oaxaca, fue motivo de dos exhortos desde la 65 Legislatura Local para que el edil Francisco Mart\u00ednez Neri solucionara la problem\u00e1tica a la brevedad.<\/p>\n\n\n\n<p>Los puntos de acuerdo para los exhortos fueron presentados por los diputados de Morena, Sesul Bola\u00f1os L\u00f3pez y Dennis Garc\u00eda Guti\u00e9rrez, quienes expusieron las dificultades que la invasi\u00f3n de vialidades genera para la ciudadan\u00eda, la mala imagen que refleja de una ciudad Patrimonio Cultural de la Humanidad, principalmente en temporada de Guelaguetza y los problemas para las personas con alguna discapacidad.<\/p>\n\n\n\n<p>Con 30 votos a favor y en car\u00e1cter de urgente y obvia resoluci\u00f3n, el Congreso de Oaxaca aprob\u00f3 el exhorto para que el edil morenista realice diversas acciones a favor de solucionar los diversos problemas de movilidad.<\/p>\n\n\n\n<p>Bola\u00f1os L\u00f3pez demand\u00f3 a Mart\u00ednez Neri instruya en lo inmediato un operativo en la capital para liberar las calles, avenidas, privadas, banquetas y los portales del z\u00f3calo de cualquier objeto que impida, dificulte u obstaculice ilegalmente la libertad de tr\u00e1nsito de los automovilistas, ciclistas, peatones, usuarios y poblaci\u00f3n en general.<\/p>\n\n\n\n<p>En sentido, dijo, es necesario que se cuenten con las se\u00f1al\u00e9ticas de vialidad correspondiente, y en su caso de no existir, se incorporen a la brevedad conforme a la Ley de Movilidad para el Estado de Oaxaca, la Ley de Tr\u00e1nsito y Vialidad del Estado de Oaxaca y el Reglamento de Vialidad para el municipio de Oaxaca de Ju\u00e1rez.<\/p>\n\n\n\n<figure class=\"wp-block-embed is-type-rich is-provider-twitter wp-block-embed-twitter\"><div class=\"wp-block-embed__wrapper\">\n<div class=\"twitter-tweet\"><blockquote class=\"twitter-tweet\" data-lang=\"es\"><p lang=\"es\" dir=\"ltr\">\u00a1Otra vez! Desde el <a href=\"https:\/\/twitter.com\/CongresoOaxaca_?ref_src=twsrc%5Etfw\">@CongresoOaxaca_<\/a>, otras dos propuestas de exhorto para el presidente del <a href=\"https:\/\/twitter.com\/MunicipioOaxaca?ref_src=twsrc%5Etfw\">@MunicipioOaxaca<\/a>, <a href=\"https:\/\/twitter.com\/FMartinezNeri?ref_src=twsrc%5Etfw\">@FMartinezNeri<\/a>, de parte de morenistas.<br>Liberar y mejorar los accesos para los discapacitados; vigilar y atender la problem\u00e1tica del comercio ambulante; liberar\u2026 <a href=\"https:\/\/t.co\/LQy91e427r\">pic.twitter.com\/LQy91e427r<\/a><\/p>&mdash; Zona Roja Oaxaca (@ZonaRoja_Oaxaca) <a href=\"https:\/\/twitter.com\/ZonaRoja_Oaxaca\/status\/1682072273283432452?ref_src=twsrc%5Etfw\">20 de julio de 2023<\/a><\/blockquote><\/div>\n<\/div><\/figure>\n\n\n\n<p>Como segundo punto del exhorto, el legislador llam\u00f3 a la ejecuci\u00f3n de otro operativo para que los vendedores del Centro Hist\u00f3rico de la capital expongan el origen de los productos y artesan\u00edas que venden, \u201ccon la finalidad de garantizar que los consumidores tengan certeza de que est\u00e1n adquiriendo productos hechos en Oaxaca\u201d.<\/p>\n\n\n\n<p>Adem\u00e1s, que los vendedores de productos de otros estados o pa\u00edses tambi\u00e9n publiquen el origen de sus productos y artesan\u00edas, para diferenciarlas de los que se elaboran por los artesanos oaxaque\u00f1os, fortalecer y defender el patrimonio cultural de Oaxaca, conforme a la Ley de Fomento a las Actividades Artesanales del Estado de Oaxaca y la Ley de Desarrollo Cultural para el Estado de Oaxaca.<\/p>\n\n\n\n<p>De lo contrario consider\u00f3 necesario que se realicen procedimientos administrativos a quienes no cumplan con lo solicitado y se les impongan las sanciones correspondientes, conforme a las leyes, principalmente durante este mes en el marco de las actividades de la Guelaguetza.<\/p>\n\n\n\n<p>Por su parte, la diputada Dennis Garc\u00eda Guti\u00e9rrez, exhort\u00f3 a Francisco Mart\u00ednez Neri a que, durante las celebraciones por la Guelaguetza la Direcci\u00f3n de Tr\u00e1nsito y Vialidad, y el \u00e1rea encargada de espect\u00e1culos, realmente supervisen que se respeten los espacios destinados a las personas discapacitadas.<\/p>\n\n\n\n<p>En las \u00faltimas semanas, previo a la Guelaguetza, han surgido diversos problemas en torno a la instalaci\u00f3n de verbenas populares y expo-ventas, ya sea por oposici\u00f3n de vecinos y comercio establecidos del Centro Hist\u00f3rico o por las propias determinaciones del Cabildo municipal.<\/p>\n","protected":false},"excerpt":{"rendered":"<p>Yuridiana Sosa\/Zona Roja. Oaxaca de Ju\u00e1rez, Oax., a 20 de julio de 2023.-El desorden con&hellip;<\/p>\n","protected":false},"author":2,"featured_media":57801,"comment_status":"closed","ping_status":"open","sticky":false,"template":"","format":"standard","meta":{"_lmt_disableupdate":"","_lmt_disable":"","_jetpack_memberships_contains_paid_content":false,"footnotes":""},"categories":[109,47],"tags":[2418],"class_list":["post-57800","post","type-post","status-publish","format-standard","has-post-thumbnail","hentry","category-minuto-a-minuto","category-zona-gris","tag-francisco-martinez-neri"],"jetpack_featured_media_url":"https:\/\/zonaroja.com.mx\/wp-content\/uploads\/2023\/07\/Dennis-Gutierrez-y-Sesul-Bolanos.jpg","jetpack_sharing_enabled":true,"_links":{"self":[{"href":"https:\/\/zonaroja.com.mx\/index.php?rest_route=\/wp\/v2\/posts\/57800","targetHints":{"allow":["GET"]}}],"collection":[{"href":"https:\/\/zonaroja.com.mx\/index.php?rest_route=\/wp\/v2\/posts"}],"about":[{"href":"https:\/\/zonaroja.com.mx\/index.php?rest_route=\/wp\/v2\/types\/post"}],"author":[{"embeddable":true,"href":"https:\/\/zonaroja.com.mx\/index.php?rest_route=\/wp\/v2\/users\/2"}],"replies":[{"embeddable":true,"href":"https:\/\/zonaroja.com.mx\/index.php?rest_route=%2Fwp%2Fv2%2Fcomments&post=57800"}],"version-history":[{"count":1,"href":"https:\/\/zonaroja.com.mx\/index.php?rest_route=\/wp\/v2\/posts\/57800\/revisions"}],"predecessor-version":[{"id":57802,"href":"https:\/\/zonaroja.com.mx\/index.php?rest_route=\/wp\/v2\/posts\/57800\/revisions\/57802"}],"wp:featuredmedia":[{"embeddable":true,"href":"https:\/\/zonaroja.com.mx\/index.php?rest_route=\/wp\/v2\/media\/57801"}],"wp:attachment":[{"href":"https:\/\/zonaroja.com.mx\/index.php?rest_route=%2Fwp%2Fv2%2Fmedia&parent=57800"}],"wp:term":[{"taxonomy":"category","embeddable":true,"href":"https:\/\/zonaroja.com.mx\/index.php?rest_route=%2Fwp%2Fv2%2Fcategories&post=57800"},{"taxonomy":"post_tag","embeddable":true,"href":"https:\/\/zonaroja.com.mx\/index.php?rest_route=%2Fwp%2Fv2%2Ftags&post=57800"}],"curies":[{"name":"wp","href":"https:\/\/api.w.org\/{rel}","templated":true}]}}