{"id":57803,"date":"2023-07-20T21:54:25","date_gmt":"2023-07-21T02:54:25","guid":{"rendered":"http:\/\/www.zonaroja.com.mx\/?p=57803"},"modified":"2023-07-20T21:54:26","modified_gmt":"2023-07-21T02:54:26","slug":"reduce-percepcion-de-inseguridad-en-la-capital-en-segundo-trimestre-inegi","status":"publish","type":"post","link":"https:\/\/zonaroja.com.mx\/?p=57803","title":{"rendered":"Reduce percepci\u00f3n de inseguridad en la capital en segundo trimestre: Inegi"},"content":{"rendered":"\n<p>Yuridiana Sosa\/Zona Roja.<\/p>\n\n\n\n<p>Oaxaca de Ju\u00e1rez, Oax., a 20 de julio de 2023.- Pese a diferentes y constantes hechos relacionados a la inseguridad en la capital, la Encuesta Nacional de Seguridad P\u00fablica Urbana (ENSU) del Inegi arroj\u00f3 que la percepci\u00f3n social sobre inseguridad p\u00fablica en la capital oaxaque\u00f1a disminuy\u00f3 en junio.<\/p>\n\n\n\n<p>El Instituto Nacional de Estad\u00edstica y Geograf\u00eda (Inegi) report\u00f3 en su informe m\u00e1s reciente que entre marzo y junio el porcentaje de la percepci\u00f3n de inseguridad p\u00fablica en Oaxaca de Ju\u00e1rez pas\u00f3 de 72.9 a 66.3 por ciento.<\/p>\n\n\n\n<p>La baja tambi\u00e9n se present\u00f3 en comparaci\u00f3n a junio de 2022, cuando registr\u00f3 el 70.7 por ciento; mientras que el nivel de la poblaci\u00f3n de 18 a\u00f1os y m\u00e1s que experiment\u00f3 conflictos o enfrentamientos, entre el primer trimestre respecto al segundo pas\u00f3 de 28.9 por ciento a 26.9 por ciento.<\/p>\n\n\n\n<p>PERCEPCI\u00d3N A DETALLE<\/p>\n\n\n\n<p>El ENSU report\u00f3 que los ciudadanos de Oaxaca de Ju\u00e1rez se\u00f1alaron que la percepci\u00f3n sobre la efectividad del gobierno de su ciudad para resolver las principales problem\u00e1ticas fue de 22.6 por ciento; lo cual se encuentra en el segundo rango que representa las calificaciones m\u00e1s bajas.<\/p>\n\n\n\n<p>La poblaci\u00f3n que tuvo contacto con autoridades de seguridad p\u00fablica y experiment\u00f3 alg\u00fan acto de corrupci\u00f3n en el primer semestre de 2023 fue del 45.5 por ciento, el segundo nivel con la incidencia m\u00e1s alta.<\/p>\n\n\n\n<p>El 20.7 por ciento de los hogares en la capital del estado o alguno de sus integrantes fue v\u00edctima de robo en el primer semestre de 2023; mientras que el 14.6 por ciento de hogares registr\u00f3 alguna v\u00edctima de extorsi\u00f3n en dicho periodo del a\u00f1o. Ambos tambi\u00e9n representan niveles altos.<\/p>\n\n\n\n<p>Con datos m\u00e1s favorables, en un rango medio, la encuesta indic\u00f3 que el 30.3 por ciento de los hogares o alg\u00fan integrante fue v\u00edctima de robo y\/ o extorsi\u00f3n en el primer semestre de 2023.<\/p>\n\n\n\n<p>NACIONAL<\/p>\n\n\n\n<p>En M\u00e9xico la percepci\u00f3n social sobre inseguridad p\u00fablica, marzo &#8211; junio pas\u00f3 de 62.1 a 62.3 por ciento, con una mayor diferencia favorable entre el periodo de junio de 2022 y junio de 2023, al pasar de 67.4 a 62.3 por ciento.<\/p>\n\n\n\n<p>El 68.6 por ciento de las mujeres en M\u00e9xico se siente insegura de vivir en su ciudad mientras que el 54.8 por ciento los hombres tuvieron esa percepci\u00f3n.<\/p>\n\n\n\n<p>consideraron inseguro vivir en su ciudad.<\/p>\n\n\n\n<p>Las ciudades con mayor porcentaje de poblaci\u00f3n de 18 a\u00f1os y m\u00e1s que se siente insegura fueron, Fresnillo, Zacatecas con el 92.8 por ciento; Zacatecas, Zacatecas, 91.7 por ciento; Ciudad<\/p>\n\n\n\n<p>Obreg\u00f3n, Sonora 90.3 por ciento; Ecatepec de Morelos, Estado de M\u00e9xico, 87.6 por ciento; Irapuato, Guanajuato, 87.3 por ciento y Naucalpan de Ju\u00e1rez, Estado de M\u00e9xico, 87.2 por ciento.<\/p>\n","protected":false},"excerpt":{"rendered":"<p>Yuridiana Sosa\/Zona Roja. Oaxaca de Ju\u00e1rez, Oax., a 20 de julio de 2023.- Pese a&hellip;<\/p>\n","protected":false},"author":2,"featured_media":54658,"comment_status":"closed","ping_status":"open","sticky":false,"template":"","format":"standard","meta":{"_lmt_disableupdate":"","_lmt_disable":"","_jetpack_memberships_contains_paid_content":false,"footnotes":""},"categories":[109,47],"tags":[148],"class_list":["post-57803","post","type-post","status-publish","format-standard","has-post-thumbnail","hentry","category-minuto-a-minuto","category-zona-gris","tag-oaxaca-de-juarez"],"jetpack_featured_media_url":"https:\/\/zonaroja.com.mx\/wp-content\/uploads\/2023\/04\/Ciudad-de-Oaxaca-capital-1.jpg","jetpack_sharing_enabled":true,"_links":{"self":[{"href":"https:\/\/zonaroja.com.mx\/index.php?rest_route=\/wp\/v2\/posts\/57803","targetHints":{"allow":["GET"]}}],"collection":[{"href":"https:\/\/zonaroja.com.mx\/index.php?rest_route=\/wp\/v2\/posts"}],"about":[{"href":"https:\/\/zonaroja.com.mx\/index.php?rest_route=\/wp\/v2\/types\/post"}],"author":[{"embeddable":true,"href":"https:\/\/zonaroja.com.mx\/index.php?rest_route=\/wp\/v2\/users\/2"}],"replies":[{"embeddable":true,"href":"https:\/\/zonaroja.com.mx\/index.php?rest_route=%2Fwp%2Fv2%2Fcomments&post=57803"}],"version-history":[{"count":1,"href":"https:\/\/zonaroja.com.mx\/index.php?rest_route=\/wp\/v2\/posts\/57803\/revisions"}],"predecessor-version":[{"id":57804,"href":"https:\/\/zonaroja.com.mx\/index.php?rest_route=\/wp\/v2\/posts\/57803\/revisions\/57804"}],"wp:featuredmedia":[{"embeddable":true,"href":"https:\/\/zonaroja.com.mx\/index.php?rest_route=\/wp\/v2\/media\/54658"}],"wp:attachment":[{"href":"https:\/\/zonaroja.com.mx\/index.php?rest_route=%2Fwp%2Fv2%2Fmedia&parent=57803"}],"wp:term":[{"taxonomy":"category","embeddable":true,"href":"https:\/\/zonaroja.com.mx\/index.php?rest_route=%2Fwp%2Fv2%2Fcategories&post=57803"},{"taxonomy":"post_tag","embeddable":true,"href":"https:\/\/zonaroja.com.mx\/index.php?rest_route=%2Fwp%2Fv2%2Ftags&post=57803"}],"curies":[{"name":"wp","href":"https:\/\/api.w.org\/{rel}","templated":true}]}}