{"id":57805,"date":"2023-07-21T09:30:00","date_gmt":"2023-07-21T14:30:00","guid":{"rendered":"http:\/\/www.zonaroja.com.mx\/?p=57805"},"modified":"2023-07-21T07:39:46","modified_gmt":"2023-07-21T12:39:46","slug":"agresor-de-maestra-de-kinder-en-edomex-suma-mas-denuncias-van-a-prision","status":"publish","type":"post","link":"https:\/\/zonaroja.com.mx\/?p=57805","title":{"rendered":"Agresor de maestra de k\u00ednder en Edomex suma m\u00e1s denuncias; van a prisi\u00f3n"},"content":{"rendered":"\n<p>Redacci\u00f3n\/Zona Roja Cdmx.<\/p>\n\n\n\n<p>Ciudad de M\u00e9xico, a 21 de julio de 2023.- Adem\u00e1s de la denuncia que existe contra Jes\u00fas Adid \u201cN\u201d y a Laura \u201cN\u201d, padres de un menor acusados de agredir a una profesora dentro del jard\u00edn de ni\u00f1os \u201cFrida Kahlo\u201d, en Cuautitl\u00e1n Izcalli, Estado de M\u00e9xico, acudieron ante las autoridades dos personas m\u00e1s para denunciar al padre de familia por agresiones f\u00edsicas.<\/p>\n\n\n\n<p>Una exvecina present\u00f3 una denuncia por feminicidio en grado de tentativa contra el hombre, quien la golpe\u00f3 en al menos dos ocasiones, mientras que otro de sus vecinos denunci\u00f3 amenazas de muerte con arma de fuego por parte del mismo individuo.<\/p>\n\n\n\n<p>La mujer denunci\u00f3 en entrevista con Azucena Uresti que en 2020 el agresor la golpe\u00f3 frente a su departamento, por lo que se tuvo que cambiar de casa, sin embargo, en 2022 la mujer lo encontr\u00f3 por casualidad en la calle y el individuo la volvi\u00f3 a golpear, por lo que al enterarse de su detenci\u00f3n es que se anim\u00f3 a denunciar los hechos ante el Ministerio P\u00fablico.<\/p>\n\n\n\n<p>Otro de los vecinos de Jes\u00fas Adid \u201cN\u201d relat\u00f3 que en una ocasi\u00f3n le dijeron que no circulara en sentido contrario, sin embargo, \u00e9ste sac\u00f3 un arma de fuego para amenazarlos y seguirlos.<\/p>\n\n\n\n<p>CONDENA PREESCOLAR<\/p>\n\n\n\n<p>Las autoridades educativas del colegio \u201cFrida Kahlo\u201d condenaron en\u00e9rgicamente \u201ccualquier tipo de violencia que puede poner en riesgo la integridad de cualquiera de los miembros de nuestra comunidad\u00bb y exigieron \u00abla aplicaci\u00f3n de la ley en forma y rigor a quienes resulten responsables de este acto se\u00f1alado y reprochado por nuestra comunidad y la sociedad en general\u201d.<\/p>\n\n\n\n<p>Actualmente, los agresores de la maestra del k\u00ednder \u201cFrida Kahlo\u201d se encuentran siguiendo un proceso por el delito de cohecho, al intentar sobornar a agentes de la Polic\u00eda de Investigaci\u00f3n del Estado de M\u00e9xico quienes procedieron al arresto.<\/p>\n\n\n\n<p>\u201cEstamos hablando de que los polic\u00edas de Investigaci\u00f3n se acercan a ellos para efecto de hacerles preguntas con respecto a la agresi\u00f3n que hab\u00edan hecho sobre la maestra. De ah\u00ed deriva un cohecho que supuestamente mis clientes les ofrecieron cinco mil pesos para poder parar el problema y que no se los llevaran\u201d, manifest\u00f3 el abogado ante medios de comunicaci\u00f3n.<\/p>\n\n\n\n<p>En tanto, el menor de edad est\u00e1 en resguardo en la Procuradur\u00eda de la Ni\u00f1a, El Ni\u00f1o y Adolescente del DIF.<\/p>\n\n\n\n<p>La maestra, identificada como Brenda, asegur\u00f3 que la pareja la agredi\u00f3 tanto a ella como a la cocinera del k\u00ednder por una marca que present\u00f3 el menor de edad.<\/p>\n\n\n\n<p>\u201c(El ni\u00f1o) presenta una marca, ya despu\u00e9s dijeron que fue una marca de quemadura que igual se pudo generar por la fricci\u00f3n de la resbaladilla, que fue algo que se tuvo que analizar antes de que ellos actuaran de esta forma\u201d, explic\u00f3 la docente ante medios de comunicaci\u00f3n.<\/p>\n\n\n\n<p>Tanto ella como Rosa \u201cN\u201d acudieron la tarde del 19 de julio al Ministerio P\u00fablico para entregarle diversos documentos e integrar la carpeta de investigaci\u00f3n por las agresiones de las que fueron v\u00edctimas.<\/p>\n\n\n\n<p>(Informaci\u00f3n de Expansi\u00f3n Pol\u00edtica)<\/p>\n","protected":false},"excerpt":{"rendered":"<p>Redacci\u00f3n\/Zona Roja Cdmx. Ciudad de M\u00e9xico, a 21 de julio de 2023.- Adem\u00e1s de la&hellip;<\/p>\n","protected":false},"author":2,"featured_media":57723,"comment_status":"closed","ping_status":"open","sticky":false,"template":"","format":"standard","meta":{"_lmt_disableupdate":"","_lmt_disable":"","_jetpack_memberships_contains_paid_content":false,"footnotes":""},"categories":[109,47],"tags":[1200],"class_list":["post-57805","post","type-post","status-publish","format-standard","has-post-thumbnail","hentry","category-minuto-a-minuto","category-zona-gris","tag-estado-de-mexico"],"jetpack_featured_media_url":"https:\/\/zonaroja.com.mx\/wp-content\/uploads\/2023\/07\/Pareja-agresores-kinder-Cuautitlan-Izcalli.jpeg","jetpack_sharing_enabled":true,"_links":{"self":[{"href":"https:\/\/zonaroja.com.mx\/index.php?rest_route=\/wp\/v2\/posts\/57805","targetHints":{"allow":["GET"]}}],"collection":[{"href":"https:\/\/zonaroja.com.mx\/index.php?rest_route=\/wp\/v2\/posts"}],"about":[{"href":"https:\/\/zonaroja.com.mx\/index.php?rest_route=\/wp\/v2\/types\/post"}],"author":[{"embeddable":true,"href":"https:\/\/zonaroja.com.mx\/index.php?rest_route=\/wp\/v2\/users\/2"}],"replies":[{"embeddable":true,"href":"https:\/\/zonaroja.com.mx\/index.php?rest_route=%2Fwp%2Fv2%2Fcomments&post=57805"}],"version-history":[{"count":1,"href":"https:\/\/zonaroja.com.mx\/index.php?rest_route=\/wp\/v2\/posts\/57805\/revisions"}],"predecessor-version":[{"id":57806,"href":"https:\/\/zonaroja.com.mx\/index.php?rest_route=\/wp\/v2\/posts\/57805\/revisions\/57806"}],"wp:featuredmedia":[{"embeddable":true,"href":"https:\/\/zonaroja.com.mx\/index.php?rest_route=\/wp\/v2\/media\/57723"}],"wp:attachment":[{"href":"https:\/\/zonaroja.com.mx\/index.php?rest_route=%2Fwp%2Fv2%2Fmedia&parent=57805"}],"wp:term":[{"taxonomy":"category","embeddable":true,"href":"https:\/\/zonaroja.com.mx\/index.php?rest_route=%2Fwp%2Fv2%2Fcategories&post=57805"},{"taxonomy":"post_tag","embeddable":true,"href":"https:\/\/zonaroja.com.mx\/index.php?rest_route=%2Fwp%2Fv2%2Ftags&post=57805"}],"curies":[{"name":"wp","href":"https:\/\/api.w.org\/{rel}","templated":true}]}}