{"id":57807,"date":"2023-07-21T12:30:00","date_gmt":"2023-07-21T17:30:00","guid":{"rendered":"http:\/\/www.zonaroja.com.mx\/?p=57807"},"modified":"2023-07-21T08:18:59","modified_gmt":"2023-07-21T13:18:59","slug":"asesinan-a-siete-personas-en-baja-california-suma-mil-crimenes-este-ano","status":"publish","type":"post","link":"https:\/\/zonaroja.com.mx\/?p=57807","title":{"rendered":"Asesinan a siete personas en Baja California; suma mil cr\u00edmenes este a\u00f1o"},"content":{"rendered":"\n<p>Redacci\u00f3n\/Zona Roja Cdmx.<\/p>\n\n\n\n<p>Ciudad de M\u00e9xico, a 21 de julio de 2023.- Entre mi\u00e9rcoles y jueves se dio muerte en diferentes ataques a siete personas en Tijuana, Baja California, y otras tres resultaron lesionadas.<\/p>\n\n\n\n<p>Con estos homicidios, la Fiscal\u00eda General del Estado (FGE) ha documentado este a\u00f1o m\u00e1s de mil. En tanto, tres civiles armados perecieron durante un enfrentamiento con fuerzas federales y estatales en Michoac\u00e1n.<\/p>\n\n\n\n<p>Uno de los heridos en Baja California fue un adolescente de 13 a\u00f1os que la noche del mi\u00e9rcoles se encontraba junto con una pareja en la privada Jalisco del fraccionamiento El Dorado Residencial, cuando desconocidos dispararon en su contra.<\/p>\n\n\n\n<p>La mujer y el menor se encuentran estables, y el var\u00f3n integrante de la pareja qued\u00f3 en estado cr\u00edtico.<\/p>\n\n\n\n<p>Tambi\u00e9n el mi\u00e9rcoles, un hombre de entre 30 y 35 a\u00f1os que circulaba entre las calles Las Am\u00e9ricas y Santa Mar\u00eda fue atacado a balazos desde una camioneta Jeep Cherokee, seg\u00fan denunci\u00f3 la v\u00edctima, quien recibi\u00f3 tiros en cabeza y espalda y falleci\u00f3 en el hospital de la Cruz Roja en Tijuana.<\/p>\n\n\n\n<p>En la colonia Valle Bonito se hall\u00f3 el cuerpo de una mujer con heridas de arma de fuego y punzocortantes, y en la carretera libre Tijuana-Tecate se localizaron dos cad\u00e1veres en bolsas negras. Asimismo, en la colonia Alamar fue localizado un cuerpo en estado de descomposici\u00f3n; en la colonia El Mirador se descubri\u00f3 el cad\u00e1ver de un hombre con huellas de estrangulamiento, y en la colonia S\u00e1nchez Taboada se report\u00f3 el asesinato de un joven.<\/p>\n\n\n\n<p>La FGE document\u00f3 hasta junio pasado 953 asesinatos en Tijuana; se calcula en la ciudad se han cometido m\u00e1s de mil este a\u00f1o.<\/p>\n\n\n\n<p>Mientras, tres sujetos perecieron ayer como resultado de un enfrentamiento a balazos con elementos federales y estatales en la tenencia Los Limones, municipio de Los Reyes, Michoac\u00e1n.<\/p>\n\n\n\n<p>Adem\u00e1s, un var\u00f3n falleci\u00f3 y otro fue lesionado durante un ataque armado perpetrado el mi\u00e9rcoles durante un partido de futbol en la unidad deportiva de Cajeme, Sonora.<\/p>\n\n\n\n<p>En Morelos, una mujer fue asesinada a balazos en el municipio de Temixco, y en P\u00e9njamo, Guanajuato, Roberto N, presunto integrante del c\u00e1rtel Jalisco Nueva generaci\u00f3n, fue vinculado a proceso por los homicidios de cinco personas.<\/p>\n\n\n\n<p>(Informaci\u00f3n de \u201cLa Jornada\u201d)<\/p>\n","protected":false},"excerpt":{"rendered":"<p>Redacci\u00f3n\/Zona Roja Cdmx. Ciudad de M\u00e9xico, a 21 de julio de 2023.- Entre mi\u00e9rcoles y&hellip;<\/p>\n","protected":false},"author":2,"featured_media":57812,"comment_status":"closed","ping_status":"open","sticky":false,"template":"","format":"standard","meta":{"_lmt_disableupdate":"","_lmt_disable":"","_jetpack_memberships_contains_paid_content":false,"footnotes":""},"categories":[109,51],"tags":[1746],"class_list":["post-57807","post","type-post","status-publish","format-standard","has-post-thumbnail","hentry","category-minuto-a-minuto","category-zona-roja","tag-violencia-en-mexico"],"jetpack_featured_media_url":"https:\/\/zonaroja.com.mx\/wp-content\/uploads\/2023\/07\/Tijuana-Baja-California.webp","jetpack_sharing_enabled":true,"_links":{"self":[{"href":"https:\/\/zonaroja.com.mx\/index.php?rest_route=\/wp\/v2\/posts\/57807","targetHints":{"allow":["GET"]}}],"collection":[{"href":"https:\/\/zonaroja.com.mx\/index.php?rest_route=\/wp\/v2\/posts"}],"about":[{"href":"https:\/\/zonaroja.com.mx\/index.php?rest_route=\/wp\/v2\/types\/post"}],"author":[{"embeddable":true,"href":"https:\/\/zonaroja.com.mx\/index.php?rest_route=\/wp\/v2\/users\/2"}],"replies":[{"embeddable":true,"href":"https:\/\/zonaroja.com.mx\/index.php?rest_route=%2Fwp%2Fv2%2Fcomments&post=57807"}],"version-history":[{"count":1,"href":"https:\/\/zonaroja.com.mx\/index.php?rest_route=\/wp\/v2\/posts\/57807\/revisions"}],"predecessor-version":[{"id":57808,"href":"https:\/\/zonaroja.com.mx\/index.php?rest_route=\/wp\/v2\/posts\/57807\/revisions\/57808"}],"wp:featuredmedia":[{"embeddable":true,"href":"https:\/\/zonaroja.com.mx\/index.php?rest_route=\/wp\/v2\/media\/57812"}],"wp:attachment":[{"href":"https:\/\/zonaroja.com.mx\/index.php?rest_route=%2Fwp%2Fv2%2Fmedia&parent=57807"}],"wp:term":[{"taxonomy":"category","embeddable":true,"href":"https:\/\/zonaroja.com.mx\/index.php?rest_route=%2Fwp%2Fv2%2Fcategories&post=57807"},{"taxonomy":"post_tag","embeddable":true,"href":"https:\/\/zonaroja.com.mx\/index.php?rest_route=%2Fwp%2Fv2%2Ftags&post=57807"}],"curies":[{"name":"wp","href":"https:\/\/api.w.org\/{rel}","templated":true}]}}