{"id":57809,"date":"2023-07-21T08:14:45","date_gmt":"2023-07-21T13:14:45","guid":{"rendered":"http:\/\/www.zonaroja.com.mx\/?p=57809"},"modified":"2023-07-21T08:20:04","modified_gmt":"2023-07-21T13:20:04","slug":"vive-el-istmo-jornada-violenta-mientras-gobierno-da-conferencia-sobre-seguridad","status":"publish","type":"post","link":"https:\/\/zonaroja.com.mx\/?p=57809","title":{"rendered":"Vive el Istmo jornada violenta, mientras gobierno da conferencia sobre seguridad"},"content":{"rendered":"\n<p>Redacci\u00f3n\/Zona Roja.<\/p>\n\n\n\n<p>Oaxaca de Ju\u00e1rez, Oax., a 21 de julio de 2023.- Mientras en la capital de Oaxaca autoridades estatales ofrec\u00edan una conferencia de prensa en materia de Seguridad, en la regi\u00f3n del Istmo de Tehuantepec la violencia se acrecent\u00f3.<\/p>\n\n\n\n<p>Un migrante presuntamente asesinado en Ciudad Ixtepec; un ataque armado en Tehuantepec y un macheteado, es el saldo preliminar de la jornada de este jueves.<\/p>\n\n\n\n<p>Anoche, en un domicilio ubicado en la calle de Juan Ruiz esquina con Matagalpa, en el barrio Santa Cruz Tagolaba de Tehuantepec, un individuo fue atacado por un grupo armado.<\/p>\n\n\n\n<p>La v\u00edctima fue identificada de manera preliminar como Omar B. D., de 40 a\u00f1os de edad, quien fue atendido por param\u00e9dicos de la Cruz Roja Mexicana y trasladado a un hospital.<\/p>\n\n\n\n<p>Presenta al menos un disparo de arma de fuego en el pecho y a\u00fan se desconoce qui\u00e9n o qui\u00e9nes lo atacaron; los polic\u00edas \u00fanicamente llegaron para acordonar el \u00e1rea.<\/p>\n\n\n\n<p>Como se inform\u00f3, 24 horas antes el dirigente de los comuneros de Tagolaba, Sergio Guti\u00e9rrez, hermano de \u201cTacho Canasta\u201d, fue atacado a balazos y se encuentra convaleciente en un nosocomio.<\/p>\n\n\n\n<figure class=\"wp-block-embed is-type-rich is-provider-twitter wp-block-embed-twitter\"><div class=\"wp-block-embed__wrapper\">\n<div class=\"twitter-tweet\"><blockquote class=\"twitter-tweet\" data-lang=\"es\"><p lang=\"es\" dir=\"ltr\"><a href=\"https:\/\/twitter.com\/hashtag\/%C3%9AltimoMinuto?src=hash&amp;ref_src=twsrc%5Etfw\">#\u00daltimoMinuto<\/a><br>Cada vez m\u00e1s grave la inseguridad en <a href=\"https:\/\/twitter.com\/hashtag\/Oaxaca?src=hash&amp;ref_src=twsrc%5Etfw\">#Oaxaca<\/a>.<br>Esta noche un grupo armado atac\u00f3 un domicilio en Santa Cruz Tagolaba, municipio de Santo Domingo Tehuantepec.<br>Una persona lesionada fue trasladada a un hospital.<br>Apenas ayer, el dirigente de los comuneros de Tagolaba fue\u2026 <a href=\"https:\/\/t.co\/mvQw48LwzA\">pic.twitter.com\/mvQw48LwzA<\/a><\/p>&mdash; Zona Roja Oaxaca (@ZonaRoja_Oaxaca) <a href=\"https:\/\/twitter.com\/ZonaRoja_Oaxaca\/status\/1682240266479063040?ref_src=twsrc%5Etfw\">21 de julio de 2023<\/a><\/blockquote><\/div>\n<\/div><\/figure>\n\n\n\n<p>EN SALINA CRUZ<\/p>\n\n\n\n<p>Por otra parte, en el municipio de Salina Cruz se registr\u00f3 una ri\u00f1a, con saldo de una persona lesionada por machete.<\/p>\n\n\n\n<p>El hecho ocurri\u00f3 ayer por la tarde en la calle Jos\u00e9 Mar\u00eda Morelos de la colonia Hidalgo Oriente \u2014donde anteayer fueron asesinadas dos personas\u2014, donde fue localizado el individuo, conocido \u00fanicamente como Santiago \u201cN\u201d.<\/p>\n\n\n\n<p>El hombre presentaba lesiones en la cabeza y en una mano, por lo cual fue trasladado de emergencia a un hospital; presuntamente fue una mujer la que lo atac\u00f3, quien logr\u00f3 darse a la fuga ante la falta de polic\u00edas en la zona.<\/p>\n\n\n\n<p>EN IXTEPEC<\/p>\n\n\n\n<p>En el municipio de Ciudad Ixtepec, fue localizado un cuerpo sin vida de una persona del sexo masculino, presuntamente un migrante.<\/p>\n\n\n\n<p>Fue en un basurero cercano a una cancha de futbol, en la calle Emilio Carranza en que se hall\u00f3 al hombre desnudo, la tarde del pasado mi\u00e9rcoles.&nbsp;<\/p>\n\n\n\n<p>Ayer personal de la Vicefiscal\u00eda Regional del Istmo realiz\u00f3 el levantamiento del cuerpo e investiga las causas por las cuales perdi\u00f3 la vida.<\/p>\n","protected":false},"excerpt":{"rendered":"<p>Redacci\u00f3n\/Zona Roja. Oaxaca de Ju\u00e1rez, Oax., a 21 de julio de 2023.- Mientras en la&hellip;<\/p>\n","protected":false},"author":2,"featured_media":57811,"comment_status":"closed","ping_status":"open","sticky":false,"template":"","format":"standard","meta":{"_lmt_disableupdate":"","_lmt_disable":"","_jetpack_memberships_contains_paid_content":false,"footnotes":""},"categories":[109,47],"tags":[125],"class_list":["post-57809","post","type-post","status-publish","format-standard","has-post-thumbnail","hentry","category-minuto-a-minuto","category-zona-gris","tag-santo-domingo-tehuantepec"],"jetpack_featured_media_url":"https:\/\/zonaroja.com.mx\/wp-content\/uploads\/2023\/07\/Atacado-a-balazos-Tehuantepec.jpg","jetpack_sharing_enabled":true,"_links":{"self":[{"href":"https:\/\/zonaroja.com.mx\/index.php?rest_route=\/wp\/v2\/posts\/57809","targetHints":{"allow":["GET"]}}],"collection":[{"href":"https:\/\/zonaroja.com.mx\/index.php?rest_route=\/wp\/v2\/posts"}],"about":[{"href":"https:\/\/zonaroja.com.mx\/index.php?rest_route=\/wp\/v2\/types\/post"}],"author":[{"embeddable":true,"href":"https:\/\/zonaroja.com.mx\/index.php?rest_route=\/wp\/v2\/users\/2"}],"replies":[{"embeddable":true,"href":"https:\/\/zonaroja.com.mx\/index.php?rest_route=%2Fwp%2Fv2%2Fcomments&post=57809"}],"version-history":[{"count":2,"href":"https:\/\/zonaroja.com.mx\/index.php?rest_route=\/wp\/v2\/posts\/57809\/revisions"}],"predecessor-version":[{"id":57815,"href":"https:\/\/zonaroja.com.mx\/index.php?rest_route=\/wp\/v2\/posts\/57809\/revisions\/57815"}],"wp:featuredmedia":[{"embeddable":true,"href":"https:\/\/zonaroja.com.mx\/index.php?rest_route=\/wp\/v2\/media\/57811"}],"wp:attachment":[{"href":"https:\/\/zonaroja.com.mx\/index.php?rest_route=%2Fwp%2Fv2%2Fmedia&parent=57809"}],"wp:term":[{"taxonomy":"category","embeddable":true,"href":"https:\/\/zonaroja.com.mx\/index.php?rest_route=%2Fwp%2Fv2%2Fcategories&post=57809"},{"taxonomy":"post_tag","embeddable":true,"href":"https:\/\/zonaroja.com.mx\/index.php?rest_route=%2Fwp%2Fv2%2Ftags&post=57809"}],"curies":[{"name":"wp","href":"https:\/\/api.w.org\/{rel}","templated":true}]}}