{"id":57813,"date":"2023-07-21T13:16:00","date_gmt":"2023-07-21T18:16:00","guid":{"rendered":"http:\/\/www.zonaroja.com.mx\/?p=57813"},"modified":"2023-07-21T08:18:14","modified_gmt":"2023-07-21T13:18:14","slug":"por-iniciar-la-canicula-en-mexico-pero-que-es","status":"publish","type":"post","link":"https:\/\/zonaroja.com.mx\/?p=57813","title":{"rendered":"Por iniciar la can\u00edcula en M\u00e9xico, pero \u00bfqu\u00e9 es?"},"content":{"rendered":"\n<p>Redacci\u00f3n\/Zona Roja Cdmx.<\/p>\n\n\n\n<p>Ciudad de M\u00e9xico, a 21 de julio de 2023.- La can\u00edcula, fen\u00f3meno meteorol\u00f3gico caracterizado por la disminuci\u00f3n de las precipitaciones y el aumento de las temperaturas, est\u00e1 pr\u00f3ximo a comenzar en M\u00e9xico.&nbsp;<\/p>\n\n\n\n<p>As\u00ed lo adelant\u00f3 Alejandra Margarita M\u00e9ndez, coordinadora general del Servicio Meteorol\u00f3gico Nacional (SMN), durante la sesi\u00f3n del Comit\u00e9 T\u00e9cnico de Operaci\u00f3n de Obras Hidr\u00e1ulicas de la Comisi\u00f3n Nacional del Agua (Conagua).<\/p>\n\n\n\n<p>Y es que el comienzo de este fen\u00f3meno est\u00e1 previsto para la semana siguiente, explic\u00f3 M\u00e9ndez en la presentaci\u00f3n del informe semanal.<\/p>\n\n\n\n<p>\u201cEs muy probable que para la pr\u00f3xima semana ya podamos dar el inicio del fen\u00f3meno de la can\u00edcula que se caracteriza por la disminuci\u00f3n de precipitaciones y por aumento de temperaturas en lo que es el Litoral del Golfo y los estados del centro\u201d, sostuvo la coordinadora.<\/p>\n\n\n\n<p>Sin embargo, las consecuencias de este fen\u00f3meno podr\u00edan ser visibles desde esta semana, con la disminuci\u00f3n escalonada de la lluvia.<\/p>\n\n\n\n<p>\u201cVamos a empezar a sentir algunos efectos a partir de esta semana, disminuci\u00f3n gradual de la precipitaci\u00f3n en el Litoral del Golfo y en los estados del centro\u201d, mencion\u00f3.<\/p>\n\n\n\n<p>Asimismo, M\u00e9ndez aclar\u00f3 que no se trata de una cuarta de calor sino de un fen\u00f3meno que se ocurre anualmente y que no es anormal.<\/p>\n\n\n\n<p>\u201cNo debe de confundirse con una onda de calor, debido a que es un fen\u00f3meno normal, la can\u00edcula, que se presenta a finales del mes de julio y las dos primeras semanas de agosto\u201d, mencion\u00f3.<\/p>\n\n\n\n<p>LOS AFECTADOS<\/p>\n\n\n\n<p>El fen\u00f3meno de la can\u00edcula tiene una duraci\u00f3n aproximada de 40 d\u00edas. Los estados m\u00e1s afectados son los siguientes: Campeche, Chiapas, Colima, Estado de M\u00e9xico, Guanajuato, Guerrero, Hidalgo, Jalisco, Michoac\u00e1n, Morelos, Nuevo Le\u00f3n, Oaxaca, Puebla, Quintana Roo, San Luis Potos\u00ed, Tabasco, Tamaulipas, Tlaxcala, Veracruz y Yucat\u00e1n.<\/p>\n\n\n\n<p>Las entidades afectadas en menor medida son Baja California, Baja California Sur, Chihuahua, Durango, Nayarit, Sonora y Sinaloa.<\/p>\n\n\n\n<p>En tanto los estados que no se ven afectados por la can\u00edcula son Ciudad de M\u00e9xico, Zacatecas, Aguascalientes, Coahuila y Quer\u00e9taro.<\/p>\n\n\n\n<p>LAS DIFERENCIAS<\/p>\n\n\n\n<p>La can\u00edcula se debe a la conjunci\u00f3n de varios factores: calentamiento excesivo del aire, cielo despejados y baja precipitaci\u00f3n. Se presenta durante la \u00faltima quincena de julio y dura poco m\u00e1s de un mes.<\/p>\n\n\n\n<p>El fen\u00f3meno era conocido desde la \u00e9poca de las romanos, quienes lo asociaban con la constelaci\u00f3n Can Mayor o Can\u00edcula y pensaban que se deb\u00eda a que \u201cel calor del sol se juntaba con la estrella Sirius (estrella con el mayor brillo), que se posicionaba del lado opuesto al astro en verano, lo cual produc\u00eda aumento en la temperatura\u201d, de acuerdo con la Centro Nacional de Prevenci\u00f3n de Desastres (Cenapred).<\/p>\n\n\n\n<p>La ola de calor tambi\u00e9n se manifiesta en un incremento de la temperatura. Sin embargo, se trata de fen\u00f3menos meteorol\u00f3gicos distintos.<\/p>\n\n\n\n<p>Una ola de calor es causada por la presencia de un anticicl\u00f3n en niveles altos de la atm\u00f3sfera. Propicia el ambiente caluroso principalmente al noroeste, norte, noreste y occidente.<\/p>\n\n\n\n<p>Las olas de calor son clasificadas como tal cuando durante m\u00e1s de tres d\u00edas consecutivos las temperaturas son superiores al promedio. T\u00edpicamente tienen una duraci\u00f3n mucho menor a la can\u00edcula.<\/p>\n\n\n\n<p>En ese sentido la tercera ola de calor que afect\u00f3 a gran parte del pa\u00eds el mes pasado fue at\u00edpica, ya que persisti\u00f3 durante 20 d\u00edas.<\/p>\n\n\n\n<p>Lo cierto es que en ambos casos es importante tomar precauciones, tales como utilizar ropa holgada y de colores claros, no realizar actividades f\u00edsicas intensas bajo el sol, mantenerse hidratado permanentemente, utilizar protector solar grado FPS15 como m\u00ednimo, comer alimentos frescos, evitar permanecer en un veh\u00edculo con puertas cerradas y utilizar lentes de sol, gorra o sombrero.<\/p>\n\n\n\n<p>(Informaci\u00f3n de Infobae M\u00e9xico)<\/p>\n","protected":false},"excerpt":{"rendered":"<p>Redacci\u00f3n\/Zona Roja Cdmx. Ciudad de M\u00e9xico, a 21 de julio de 2023.- La can\u00edcula, fen\u00f3meno&hellip;<\/p>\n","protected":false},"author":2,"featured_media":56644,"comment_status":"closed","ping_status":"open","sticky":false,"template":"","format":"standard","meta":{"_lmt_disableupdate":"","_lmt_disable":"","_jetpack_memberships_contains_paid_content":false,"footnotes":""},"categories":[109,47],"tags":[3616],"class_list":["post-57813","post","type-post","status-publish","format-standard","has-post-thumbnail","hentry","category-minuto-a-minuto","category-zona-gris","tag-canicula-en-mexico"],"jetpack_featured_media_url":"https:\/\/zonaroja.com.mx\/wp-content\/uploads\/2023\/06\/Ola-de-calor-Mexico-1.jpeg","jetpack_sharing_enabled":true,"_links":{"self":[{"href":"https:\/\/zonaroja.com.mx\/index.php?rest_route=\/wp\/v2\/posts\/57813","targetHints":{"allow":["GET"]}}],"collection":[{"href":"https:\/\/zonaroja.com.mx\/index.php?rest_route=\/wp\/v2\/posts"}],"about":[{"href":"https:\/\/zonaroja.com.mx\/index.php?rest_route=\/wp\/v2\/types\/post"}],"author":[{"embeddable":true,"href":"https:\/\/zonaroja.com.mx\/index.php?rest_route=\/wp\/v2\/users\/2"}],"replies":[{"embeddable":true,"href":"https:\/\/zonaroja.com.mx\/index.php?rest_route=%2Fwp%2Fv2%2Fcomments&post=57813"}],"version-history":[{"count":1,"href":"https:\/\/zonaroja.com.mx\/index.php?rest_route=\/wp\/v2\/posts\/57813\/revisions"}],"predecessor-version":[{"id":57814,"href":"https:\/\/zonaroja.com.mx\/index.php?rest_route=\/wp\/v2\/posts\/57813\/revisions\/57814"}],"wp:featuredmedia":[{"embeddable":true,"href":"https:\/\/zonaroja.com.mx\/index.php?rest_route=\/wp\/v2\/media\/56644"}],"wp:attachment":[{"href":"https:\/\/zonaroja.com.mx\/index.php?rest_route=%2Fwp%2Fv2%2Fmedia&parent=57813"}],"wp:term":[{"taxonomy":"category","embeddable":true,"href":"https:\/\/zonaroja.com.mx\/index.php?rest_route=%2Fwp%2Fv2%2Fcategories&post=57813"},{"taxonomy":"post_tag","embeddable":true,"href":"https:\/\/zonaroja.com.mx\/index.php?rest_route=%2Fwp%2Fv2%2Ftags&post=57813"}],"curies":[{"name":"wp","href":"https:\/\/api.w.org\/{rel}","templated":true}]}}