{"id":57826,"date":"2023-07-21T13:22:44","date_gmt":"2023-07-21T18:22:44","guid":{"rendered":"http:\/\/www.zonaroja.com.mx\/?p=57826"},"modified":"2023-07-21T13:22:51","modified_gmt":"2023-07-21T18:22:51","slug":"ocupada-en-su-fiesta-folclorica-la-seccion-22-del-snte-desiste-de-boicotear-guelaguetza-oficial","status":"publish","type":"post","link":"https:\/\/zonaroja.com.mx\/?p=57826","title":{"rendered":"\u201cOcupada\u201d en su fiesta folcl\u00f3rica, la Secci\u00f3n 22 del SNTE desiste de boicotear Guelaguetza oficial"},"content":{"rendered":"\n<p>Ismael Garc\u00eda M.\/Zona Roja. <\/p>\n\n\n\n<p>Oaxaca de Ju\u00e1rez, Oax., a 21 de julio de 2023.- Bajo el argumento de que la organizaci\u00f3n de la octava de su Guelaguetza magisterial y popular les ocupa de tiempo completo, la Secci\u00f3n 22 del SNTE ya no boicotear\u00e1 el segundo Lunes del Cerro de la fiesta oficial.<\/p>\n\n\n\n<p>As\u00ed lo confirm\u00f3 esta ma\u00f1ana a la secretaria General de la gremial, Yenny Aracely P\u00e9rez Mart\u00ednez, quien adem\u00e1s reconoci\u00f3 que hay atenci\u00f3n por parte del Gobierno del Estado de Oaxaca.<\/p>\n\n\n\n<p>En conferencia de prensa, donde el Comit\u00e9 Ejecutivo Seccional habl\u00f3 del zafarrancho del pasado lunes, la dirigente de los maestros sostuvo que este viernes reanudaron la mesa de trabajo en el Congreso del Estado, respecto a la reforma a la Ley de Educaci\u00f3n.<\/p>\n\n\n\n<p>Mientras tanto la pr\u00f3xima semana retomar\u00e1n sus reuniones con el gobierno estatal para seguir revisando y atendiendo las incidencias administrativas.<\/p>\n\n\n\n<p>El pr\u00f3ximo fecha reiniciar\u00e1n su Asamblea Estatal, para evaluar los logros y en su caso tomar las determinaciones correspondientes si a\u00fan no se cumple con todas las demandas plasmadas en el pliego petitorio de este a\u00f1o.<\/p>\n\n\n\n<figure class=\"wp-block-embed\"><div class=\"wp-block-embed__wrapper\">\n<div class=\"twitter-tweet\"><blockquote class=\"twitter-tweet\" data-lang=\"es\"><p lang=\"es\" dir=\"ltr\"><a href=\"https:\/\/twitter.com\/hashtag\/ENVIVO?src=hash&amp;ref_src=twsrc%5Etfw\">#ENVIVO<\/a><br>Oaxaca de Ju\u00e1rez, Oax., a 21 de julio de 2023.- Conferencia de prensa de la Secci\u00f3n 22 del SNTE respecto a la ri\u00f1a ocurrida en la Guelaguetza magisterial y popular del pasado lunes.<br><br>Transmisi\u00f3n \ud83d\udc47<a href=\"https:\/\/t.co\/gUYGWBxZZD\">https:\/\/t.co\/gUYGWBxZZD<\/a> <a href=\"https:\/\/t.co\/qjWf75a0qQ\">pic.twitter.com\/qjWf75a0qQ<\/a><\/p>&mdash; Zona Roja Oaxaca (@ZonaRoja_Oaxaca) <a href=\"https:\/\/twitter.com\/ZonaRoja_Oaxaca\/status\/1682409156391698437?ref_src=twsrc%5Etfw\">21 de julio de 2023<\/a><\/blockquote><\/div>\n<\/div><\/figure>\n\n\n\n<p>-\u00bfEntonces ya no se movilizan ustedes?<\/p>\n\n\n\n<p>-Estamos enfocados hasta el momento en esta octava de la Guelaguetza magisterial y popular que se estar\u00e1 llevando en Asunci\u00f3n Nochixtl\u00e1n.<\/p>\n\n\n\n<p>-\u00bfQu\u00e9 pas\u00f3? \u00bfHubo respuestas o no hubo respuestas? Por qu\u00e9 no se movilizaron el lunes.<\/p>\n\n\n\n<p>-Precisamente lo que acabo de mencionar, tenemos hoy la reinstalaci\u00f3n de la mesa de la Ley Estatal de Educaci\u00f3n y la siguiente semana para analizar las incidencias administrativas.<\/p>\n\n\n\n<p>Integrantes del Comit\u00e9 Ejecutivo Seccional hablaron tambi\u00e9n sobre los hechos de violencia ocurridos el pasado lunes durante su Guelaguetza en el Estadio del Instituto tecnol\u00f3gico de Oaxaca, donde culparon al diputado federal Ir\u00e1n Santiago Manuel de iniciar las agresiones. <\/p>\n\n\n\n<p>Reiteraron que es una persona no grata en el magisterio y en la pr\u00f3xima Asamblea Estatal se determinar\u00e1n lo conducente contra este docente, identificado con el grupo de \u201cLos Pozoleros\u201d.<\/p>\n\n\n\n<figure class=\"wp-block-embed\"><div class=\"wp-block-embed__wrapper\">\n<div class=\"twitter-tweet\"><blockquote class=\"twitter-tweet\" data-lang=\"es\"><p lang=\"es\" dir=\"ltr\">Ya no habr\u00e1 boicot de la Secci\u00f3n 22 del SNTE a la <a href=\"https:\/\/twitter.com\/hashtag\/Guelaguetza2023?src=hash&amp;ref_src=twsrc%5Etfw\">#Guelaguetza2023<\/a> oficial. <br>As\u00ed lo confirm\u00f3 hoy la secretaria General, Yenny Aracely P\u00e9rez Mart\u00ednez.<br>Est\u00e1n muy enfocados en su Guelaguetza magisterial y popular, que ahora ser\u00e1 en Nochixtl\u00e1n, dice. <br>Adem\u00e1s, hay atenci\u00f3n del del\u2026 <a href=\"https:\/\/t.co\/iIBsaRko7Z\">pic.twitter.com\/iIBsaRko7Z<\/a><\/p>&mdash; Zona Roja Oaxaca (@ZonaRoja_Oaxaca) <a href=\"https:\/\/twitter.com\/ZonaRoja_Oaxaca\/status\/1682418353418149888?ref_src=twsrc%5Etfw\">21 de julio de 2023<\/a><\/blockquote><\/div>\n<\/div><\/figure>\n","protected":false},"excerpt":{"rendered":"<p>Ismael Garc\u00eda M.\/Zona Roja. Oaxaca de Ju\u00e1rez, Oax., a 21 de julio de 2023.- Bajo&hellip;<\/p>\n","protected":false},"author":2,"featured_media":57825,"comment_status":"closed","ping_status":"open","sticky":false,"template":"","format":"standard","meta":{"_lmt_disableupdate":"","_lmt_disable":"","_jetpack_memberships_contains_paid_content":false,"footnotes":""},"categories":[109,47],"tags":[],"class_list":["post-57826","post","type-post","status-publish","format-standard","has-post-thumbnail","hentry","category-minuto-a-minuto","category-zona-gris"],"jetpack_featured_media_url":"https:\/\/zonaroja.com.mx\/wp-content\/uploads\/2023\/07\/14790fd7-586c-4d91-b910-d870cf5b21a3.jpg","jetpack_sharing_enabled":true,"_links":{"self":[{"href":"https:\/\/zonaroja.com.mx\/index.php?rest_route=\/wp\/v2\/posts\/57826","targetHints":{"allow":["GET"]}}],"collection":[{"href":"https:\/\/zonaroja.com.mx\/index.php?rest_route=\/wp\/v2\/posts"}],"about":[{"href":"https:\/\/zonaroja.com.mx\/index.php?rest_route=\/wp\/v2\/types\/post"}],"author":[{"embeddable":true,"href":"https:\/\/zonaroja.com.mx\/index.php?rest_route=\/wp\/v2\/users\/2"}],"replies":[{"embeddable":true,"href":"https:\/\/zonaroja.com.mx\/index.php?rest_route=%2Fwp%2Fv2%2Fcomments&post=57826"}],"version-history":[{"count":1,"href":"https:\/\/zonaroja.com.mx\/index.php?rest_route=\/wp\/v2\/posts\/57826\/revisions"}],"predecessor-version":[{"id":57827,"href":"https:\/\/zonaroja.com.mx\/index.php?rest_route=\/wp\/v2\/posts\/57826\/revisions\/57827"}],"wp:featuredmedia":[{"embeddable":true,"href":"https:\/\/zonaroja.com.mx\/index.php?rest_route=\/wp\/v2\/media\/57825"}],"wp:attachment":[{"href":"https:\/\/zonaroja.com.mx\/index.php?rest_route=%2Fwp%2Fv2%2Fmedia&parent=57826"}],"wp:term":[{"taxonomy":"category","embeddable":true,"href":"https:\/\/zonaroja.com.mx\/index.php?rest_route=%2Fwp%2Fv2%2Fcategories&post=57826"},{"taxonomy":"post_tag","embeddable":true,"href":"https:\/\/zonaroja.com.mx\/index.php?rest_route=%2Fwp%2Fv2%2Ftags&post=57826"}],"curies":[{"name":"wp","href":"https:\/\/api.w.org\/{rel}","templated":true}]}}