{"id":57830,"date":"2023-07-21T20:30:43","date_gmt":"2023-07-22T01:30:43","guid":{"rendered":"http:\/\/www.zonaroja.com.mx\/?p=57830"},"modified":"2023-07-21T20:30:47","modified_gmt":"2023-07-22T01:30:47","slug":"al-menos-4-accidentes-viales-en-oaxaca-dejan-2-muertos-y-unos-30-heridos","status":"publish","type":"post","link":"https:\/\/zonaroja.com.mx\/?p=57830","title":{"rendered":"Al menos 4 accidentes viales en Oaxaca dejan 2 muertos y unos 30 heridos"},"content":{"rendered":"\n<p>Ismael Garc\u00eda M.\/Zona Roja.<\/p>\n\n\n\n<p>Oaxaca de Ju\u00e1rez, Oax., a 21 de julio de 2023.- En un lapso de 24 horas, en Oaxaca se han registrado al menos cuatro accidentes carreteros, que han dejado como saldo general, dos personas fallecidas y m\u00e1s de 30 lesionadas.<\/p>\n\n\n\n<p>Alrededor de las 03:00 horas de hoy, en la v\u00eda federal 190 Oaxaca-Istmo, en inmediaciones de Nejapa de Madero, volc\u00f3 un autob\u00fas de pasajeros de la l\u00ednea Fypsa.<\/p>\n\n\n\n<p>En el percance perdi\u00f3 la vida una mujer de hombre Felipa Mart\u00ednez Salazar, de 58 a\u00f1os de edad, originaria de Mat\u00edas Romero Avenda\u00f1o, municipio de la regi\u00f3n del Istmo de donde proced\u00eda la unidad de motor.<\/p>\n\n\n\n<p>De las 28 personas lesionadas, el Gobierno del Estado inform\u00f3 que 13 ameritaron hospitalizaci\u00f3n.<\/p>\n\n\n\n<p>Por su condici\u00f3n de gravedad, cuatro de ellas fueron trasladadas en una ambulancia de terapia intensiva: una fue referida al Hospital General \u201cDr. Aurelio Valdivieso\u201d en Oaxaca de Ju\u00e1rez; y otras tres personas m\u00e1s al Hospital Militar de Zona de Ixcotel de la Secretar\u00eda de la Defensa Nacional en el municipio de Santa Luc\u00eda del Camino.<\/p>\n\n\n\n<p>Otras dos personas fueron referidas al Hospital Regional Presidente Ju\u00e1rez del Instituto de Seguridad y Servicios Social de los Trabajadores del Estado (ISSSTE) en la capital del estado; dos a hospitales particulares y cinco m\u00e1s se encuentran en el Hospital B\u00e1sico Comunitario de Nejapa de Madero.<\/p>\n\n\n\n<p>Las otras 15 personas que tambi\u00e9n resultaron con lesiones leves fueron atendidas en este nosocomio de Nejapa de Madero, 10 ya fueron dadas de alta y cinco est\u00e1n en observaci\u00f3n, con m\u00ednimas afectaciones a la salud, inform\u00f3.<\/p>\n\n\n\n<figure class=\"wp-block-embed is-type-rich is-provider-twitter wp-block-embed-twitter\"><div class=\"wp-block-embed__wrapper\">\n<div class=\"twitter-tweet\"><blockquote class=\"twitter-tweet\" data-lang=\"es\"><p lang=\"es\" dir=\"ltr\">Otro percance fatal m\u00e1s.<br>Ocurri\u00f3 anoche en la carretera <a href=\"https:\/\/twitter.com\/hashtag\/Oaxaca?src=hash&amp;ref_src=twsrc%5Etfw\">#Oaxaca<\/a>-Istmo, en jurisdicci\u00f3n de San Francisco Lachigol\u00f3.<br>El saldo es de un joven fallecido por atropellamiento. <a href=\"https:\/\/t.co\/WfPzFHczx5\">pic.twitter.com\/WfPzFHczx5<\/a><\/p>&mdash; Zona Roja Oaxaca (@ZonaRoja_Oaxaca) <a href=\"https:\/\/twitter.com\/ZonaRoja_Oaxaca\/status\/1682426996729454598?ref_src=twsrc%5Etfw\">21 de julio de 2023<\/a><\/blockquote><\/div>\n<\/div><\/figure>\n\n\n\n<p>Al mediod\u00eda de este viernes, en la supercarretera Oaxaca-Cuacnopalan, cerca de la caseta de peaje de Huitzo, un veh\u00edculo de la empresa Funerales \u201cD\u00edaz\u201d sufri\u00f3 un percance, donde resultaron lesionadas dos personas.<\/p>\n\n\n\n<p>En tanto que la ma\u00f1ana de hoy, un taxi colectivo del sitio \u201c6 de Enero\u201d, de Reyes Mantec\u00f3n, San Bartolo Coyotepec, arroll\u00f3 literalmente a un elemento de la Polic\u00eda Estatal de Oaxaca, en la carretera federal 175 Oaxaca-Puerto Escondido, a la altura de San Antonio de la Cal.<\/p>\n\n\n\n<p>Param\u00e9dicos atendieron al uniformado y lo trasladaron a un nosocomio cercano, mientras que el chofer fue detenido de manera preventiva con el fin de que responda a los da\u00f1os causados.<\/p>\n\n\n\n<p>Y anoche, cerca de las 22:00 horas, en la carretera federal 190 Oaxaca-Istmo, en jurisdicci\u00f3n de San Francisco Lachigol\u00f3, un joven fue atropellado por una unidad de motor que de inmediato se dio a la fuga.<\/p>\n\n\n\n<p>La v\u00edctima a\u00fan no ha sido identificada y de manera preliminar se inform\u00f3 que contaba con aproximadamente 20 a\u00f1os de edad.<\/p>\n","protected":false},"excerpt":{"rendered":"<p>Ismael Garc\u00eda M.\/Zona Roja. Oaxaca de Ju\u00e1rez, Oax., a 21 de julio de 2023.- En&hellip;<\/p>\n","protected":false},"author":2,"featured_media":57831,"comment_status":"closed","ping_status":"open","sticky":false,"template":"","format":"standard","meta":{"_lmt_disableupdate":"","_lmt_disable":"","_jetpack_memberships_contains_paid_content":false,"footnotes":""},"categories":[109,47],"tags":[3416],"class_list":["post-57830","post","type-post","status-publish","format-standard","has-post-thumbnail","hentry","category-minuto-a-minuto","category-zona-gris","tag-accidentes-carreteros-oaxaca"],"jetpack_featured_media_url":"https:\/\/zonaroja.com.mx\/wp-content\/uploads\/2023\/07\/Accidente-autobus-Fypsa-Oaxaca.jpg","jetpack_sharing_enabled":true,"_links":{"self":[{"href":"https:\/\/zonaroja.com.mx\/index.php?rest_route=\/wp\/v2\/posts\/57830","targetHints":{"allow":["GET"]}}],"collection":[{"href":"https:\/\/zonaroja.com.mx\/index.php?rest_route=\/wp\/v2\/posts"}],"about":[{"href":"https:\/\/zonaroja.com.mx\/index.php?rest_route=\/wp\/v2\/types\/post"}],"author":[{"embeddable":true,"href":"https:\/\/zonaroja.com.mx\/index.php?rest_route=\/wp\/v2\/users\/2"}],"replies":[{"embeddable":true,"href":"https:\/\/zonaroja.com.mx\/index.php?rest_route=%2Fwp%2Fv2%2Fcomments&post=57830"}],"version-history":[{"count":1,"href":"https:\/\/zonaroja.com.mx\/index.php?rest_route=\/wp\/v2\/posts\/57830\/revisions"}],"predecessor-version":[{"id":57832,"href":"https:\/\/zonaroja.com.mx\/index.php?rest_route=\/wp\/v2\/posts\/57830\/revisions\/57832"}],"wp:featuredmedia":[{"embeddable":true,"href":"https:\/\/zonaroja.com.mx\/index.php?rest_route=\/wp\/v2\/media\/57831"}],"wp:attachment":[{"href":"https:\/\/zonaroja.com.mx\/index.php?rest_route=%2Fwp%2Fv2%2Fmedia&parent=57830"}],"wp:term":[{"taxonomy":"category","embeddable":true,"href":"https:\/\/zonaroja.com.mx\/index.php?rest_route=%2Fwp%2Fv2%2Fcategories&post=57830"},{"taxonomy":"post_tag","embeddable":true,"href":"https:\/\/zonaroja.com.mx\/index.php?rest_route=%2Fwp%2Fv2%2Ftags&post=57830"}],"curies":[{"name":"wp","href":"https:\/\/api.w.org\/{rel}","templated":true}]}}