{"id":57836,"date":"2023-07-21T22:01:22","date_gmt":"2023-07-22T03:01:22","guid":{"rendered":"http:\/\/www.zonaroja.com.mx\/?p=57836"},"modified":"2023-07-21T22:01:25","modified_gmt":"2023-07-22T03:01:25","slug":"accidente-de-autobus-con-migrantes-de-oaxaca-deja-6-muertos-y-53-lesionados","status":"publish","type":"post","link":"https:\/\/zonaroja.com.mx\/?p=57836","title":{"rendered":"Accidente de autob\u00fas con migrantes de Oaxaca deja 6 muertos y 53 lesionados"},"content":{"rendered":"\n<p>Redacci\u00f3n\/Zona Roja Cdmx.<\/p>\n\n\n\n<p>Ciudad de M\u00e9xico, a 21 de julio de 2023.- Un saldo de seis muertos y 53 personas heridas dej\u00f3 un fatal choque entre un autob\u00fas de pasajeros y un cami\u00f3n de carga, sobre la carretera La Piedad-Vista Hermosa, en Michoac\u00e1n, donde, tras el impacto, las unidades se incendiaron.<\/p>\n\n\n\n<p>El accidente se registr\u00f3 la madrugada de este viernes y en un primer momento fue reportado por otros automovilistas a la altura del municipio de Yur\u00e9cuaro, Michoac\u00e1n por lo que de inmediato se trasladaron a ese lugar param\u00e9dicos, bomberos y polic\u00edas para atender la emergencia.<\/p>\n\n\n\n<p>A su llegada los rescatistas encontraron en llamas las unidades involucradas, mientras que sobre la carpeta asf\u00e1ltica localizaron a varios de los lesionados, por lo que los vulcanos comenzaron las labores para apagar el fuego.<\/p>\n\n\n\n<p>Param\u00e9dicos se diferentes corporaciones auxiliaron a los 53 lesionados, quienes dijeron ser jornaleros agr\u00edcolas y fueron trasladados a nosocomios de los municipios de La Piedad, Yur\u00e9cuaro y La Barca, Jalisco, donde se realizan trabajos de certificaci\u00f3n m\u00e9dica e identificaci\u00f3n.<\/p>\n\n\n\n<p>Entre los escombros del accidente se localizaron seis personas calcinadas, entre ellos los conductores del autob\u00fas de pasajeros y del cami\u00f3n de carga.<\/p>\n\n\n\n<p>Tambi\u00e9n se inform\u00f3 que el cami\u00f3n de pasajeros que se dirig\u00eda a Oaxaca procedente de San Quint\u00edn, Baja California, se impact\u00f3 de frente contra un tractocami\u00f3n con dos cajas secas que transportaban abarrotes, provocando que se incendiaran.<\/p>\n\n\n\n<p>Con relaci\u00f3n a este hecho, la Fiscal\u00eda General Estado de Michoac\u00e1n (FGE) inform\u00f3 que inici\u00f3 carpeta de investigaci\u00f3n con relaci\u00f3n al accidente registrado durante las primeras horas de hoy en la carretera La Piedad-Vista Hermosa y del que se tuvo conocimiento del deceso de seis personas y 53 heridas.<\/p>\n\n\n\n<p>\u201cDe acuerdo con los datos recabados hasta el momento, aproximadamente a la 1:00 hora, sobre la citada vialidad, a la altura de Yur\u00e9cuaro, un autob\u00fas de pasajeros que se dirig\u00eda a Oaxaca procedente de San Quint\u00edn, Baja California, se impact\u00f3 de frente contra un tracto cami\u00f3n con dos cajas secas que transportaban productos de abarrotes, provocando que se incendiaran\u201d, indic\u00f3 la Fiscal\u00eda.<\/p>\n\n\n\n<p>\u201cDerivado de este percance murieron seis personas, entre ellos, los conductores de las unidades y resultaron lesionadas 53 personas jornaleras agr\u00edcolas, quienes fueron auxiliadas por param\u00e9dicos de diversas corporaciones y trasladados a nosocomios de La Piedad, Yur\u00e9cuaro y La Barca, Jalisco, donde en estos momentos se realizan trabajos de certificaci\u00f3n m\u00e9dica\u201d, precis\u00f3.<\/p>\n\n\n\n<p>Tras las actuaciones practicadas en el lugar, los cuerpos fueron trasladados al Servicio M\u00e9dico Forense (Semefo) para que se practique la necropsia y los estudios de gen\u00e9tica que permitan su posible identificaci\u00f3n.<\/p>\n\n\n\n<p>(Informaci\u00f3n de Fuerza Informativa Azteca)<\/p>\n","protected":false},"excerpt":{"rendered":"<p>Redacci\u00f3n\/Zona Roja Cdmx. Ciudad de M\u00e9xico, a 21 de julio de 2023.- Un saldo de&hellip;<\/p>\n","protected":false},"author":2,"featured_media":57837,"comment_status":"closed","ping_status":"open","sticky":false,"template":"","format":"standard","meta":{"_lmt_disableupdate":"","_lmt_disable":"","_jetpack_memberships_contains_paid_content":false,"footnotes":""},"categories":[109,51],"tags":[622],"class_list":["post-57836","post","type-post","status-publish","format-standard","has-post-thumbnail","hentry","category-minuto-a-minuto","category-zona-roja","tag-michoacan"],"jetpack_featured_media_url":"https:\/\/zonaroja.com.mx\/wp-content\/uploads\/2023\/07\/Accidente-autobus-migrantes-Michoacan.jpg.webp","jetpack_sharing_enabled":true,"_links":{"self":[{"href":"https:\/\/zonaroja.com.mx\/index.php?rest_route=\/wp\/v2\/posts\/57836","targetHints":{"allow":["GET"]}}],"collection":[{"href":"https:\/\/zonaroja.com.mx\/index.php?rest_route=\/wp\/v2\/posts"}],"about":[{"href":"https:\/\/zonaroja.com.mx\/index.php?rest_route=\/wp\/v2\/types\/post"}],"author":[{"embeddable":true,"href":"https:\/\/zonaroja.com.mx\/index.php?rest_route=\/wp\/v2\/users\/2"}],"replies":[{"embeddable":true,"href":"https:\/\/zonaroja.com.mx\/index.php?rest_route=%2Fwp%2Fv2%2Fcomments&post=57836"}],"version-history":[{"count":1,"href":"https:\/\/zonaroja.com.mx\/index.php?rest_route=\/wp\/v2\/posts\/57836\/revisions"}],"predecessor-version":[{"id":57838,"href":"https:\/\/zonaroja.com.mx\/index.php?rest_route=\/wp\/v2\/posts\/57836\/revisions\/57838"}],"wp:featuredmedia":[{"embeddable":true,"href":"https:\/\/zonaroja.com.mx\/index.php?rest_route=\/wp\/v2\/media\/57837"}],"wp:attachment":[{"href":"https:\/\/zonaroja.com.mx\/index.php?rest_route=%2Fwp%2Fv2%2Fmedia&parent=57836"}],"wp:term":[{"taxonomy":"category","embeddable":true,"href":"https:\/\/zonaroja.com.mx\/index.php?rest_route=%2Fwp%2Fv2%2Fcategories&post=57836"},{"taxonomy":"post_tag","embeddable":true,"href":"https:\/\/zonaroja.com.mx\/index.php?rest_route=%2Fwp%2Fv2%2Ftags&post=57836"}],"curies":[{"name":"wp","href":"https:\/\/api.w.org\/{rel}","templated":true}]}}