{"id":57839,"date":"2023-07-22T12:00:00","date_gmt":"2023-07-22T17:00:00","guid":{"rendered":"http:\/\/www.zonaroja.com.mx\/?p=57839"},"modified":"2023-07-22T07:55:34","modified_gmt":"2023-07-22T12:55:34","slug":"destaca-oaxaca-en-el-pais-con-con-plataforma-digital-sobre-justicia-indigena","status":"publish","type":"post","link":"https:\/\/zonaroja.com.mx\/?p=57839","title":{"rendered":"Destaca Oaxaca en el pa\u00eds con con plataforma\u00a0digital sobre\u00a0Justicia Ind\u00edgena"},"content":{"rendered":"\n<p>Redacci\u00f3n\/Zona Roja.<\/p>\n\n\n\n<p>Oaxaca de Ju\u00e1rez, Oax., a 22 de julio de 2023.- El Centro de Informaci\u00f3n de Justicia Ind\u00edgena&nbsp;(CIJI),&nbsp;del Poder Judicial del Estado,&nbsp;es un espacio de consulta, salvaguarda y di\u00e1logo en torno a los sistemas jur\u00eddicos ind\u00edgenas que se configuran en el estado de Oaxaca&nbsp;y&nbsp;busca convertirse en un instrumento p\u00fablico, accesible y \u00fatil para visibilizar la justicia ind\u00edgena y contribuir a la armonizaci\u00f3n entre las justicias estatal e ind\u00edgena y afromexicana.<\/p>\n\n\n\n<p>Entre&nbsp;sus&nbsp;objetivos&nbsp;se encuentran&nbsp;construir una base de datos que contenga informaci\u00f3n de&nbsp;sistemas jur\u00eddicos, sociodemogr\u00e1fica y cultural de los pueblos&nbsp;ind\u00edgenas y afrodescendientes de Oaxaca&nbsp;y contar con informaci\u00f3n sobre la diversidad jur\u00eddica existente&nbsp;en las ocho regiones de Oaxaca, con la finalidad de&nbsp;fortalecer&nbsp;los derechos&nbsp;de este sector de la sociedad.&nbsp;<\/p>\n\n\n\n<p>En la era de la digitalizaci\u00f3n, el CIJI es una&nbsp;herramienta de consulta \u00fanica en M\u00e9xico, que&nbsp;permite reunir en un solo espacio virtual&nbsp;informaci\u00f3n amplia, detallada y relevante sobre lasdiversas formas en que pueblos y comunidades&nbsp;ind\u00edgenas resuelven algunos de sus conflictos, as\u00ed&nbsp;como aquellos Juicios de Justicia Ind\u00edgena y&nbsp;criterios que el Tribunal Superior de Justicia del&nbsp;Estado de Oaxaca,&nbsp;ha adoptado&nbsp;a trav\u00e9s de su Sala Ind\u00edgena.<\/p>\n\n\n\n<p>La plataforma disponible&nbsp;en el enlace&nbsp;www.justiciaindigenaoaxaca.mx,&nbsp;cuenta con&nbsp;casos&nbsp;presentados en las comunidades de Santa Ana del Valle, El Rastrojo, San Juan Copala, San Juan Bautista Atepec, Santa Mar\u00eda Nativitas, Santa Mar\u00eda Mixixtl\u00e1n, San Crist\u00f3bal Suchixtlahuaca, San Jer\u00f3nimo Tlacochahuaya, Santiago Progreso, Villa Hidalgo Yalalag y Santiago Tlazoyaltepec.&nbsp;<\/p>\n\n\n\n<p>El Poder Judicial del Estado, invita a la sociedad en general a conocer&nbsp;y consultar&nbsp;este&nbsp;Centro&nbsp;que&nbsp;es resultado del esfuerzo conjunto del Poder Judicial del Estado con el Instituto Nacional de los Pueblos Ind\u00edgenas (INPI)&nbsp;e instituciones acad\u00e9micas y de la sociedad civil.<\/p>\n","protected":false},"excerpt":{"rendered":"<p>Redacci\u00f3n\/Zona Roja. Oaxaca de Ju\u00e1rez, Oax., a 22 de julio de 2023.- El Centro de&hellip;<\/p>\n","protected":false},"author":2,"featured_media":57840,"comment_status":"closed","ping_status":"open","sticky":false,"template":"","format":"standard","meta":{"_lmt_disableupdate":"","_lmt_disable":"","_jetpack_memberships_contains_paid_content":false,"footnotes":""},"categories":[109,46],"tags":[223],"class_list":["post-57839","post","type-post","status-publish","format-standard","has-post-thumbnail","hentry","category-minuto-a-minuto","category-zona-blanca","tag-poder-judicial-de-oaxaca"],"jetpack_featured_media_url":"https:\/\/zonaroja.com.mx\/wp-content\/uploads\/2023\/07\/Magistrado-Luis-Enrique-Cordero-Aguilar-presidente-de-la-Sala-de-Justicia-Indigena.jpg","jetpack_sharing_enabled":true,"_links":{"self":[{"href":"https:\/\/zonaroja.com.mx\/index.php?rest_route=\/wp\/v2\/posts\/57839","targetHints":{"allow":["GET"]}}],"collection":[{"href":"https:\/\/zonaroja.com.mx\/index.php?rest_route=\/wp\/v2\/posts"}],"about":[{"href":"https:\/\/zonaroja.com.mx\/index.php?rest_route=\/wp\/v2\/types\/post"}],"author":[{"embeddable":true,"href":"https:\/\/zonaroja.com.mx\/index.php?rest_route=\/wp\/v2\/users\/2"}],"replies":[{"embeddable":true,"href":"https:\/\/zonaroja.com.mx\/index.php?rest_route=%2Fwp%2Fv2%2Fcomments&post=57839"}],"version-history":[{"count":1,"href":"https:\/\/zonaroja.com.mx\/index.php?rest_route=\/wp\/v2\/posts\/57839\/revisions"}],"predecessor-version":[{"id":57841,"href":"https:\/\/zonaroja.com.mx\/index.php?rest_route=\/wp\/v2\/posts\/57839\/revisions\/57841"}],"wp:featuredmedia":[{"embeddable":true,"href":"https:\/\/zonaroja.com.mx\/index.php?rest_route=\/wp\/v2\/media\/57840"}],"wp:attachment":[{"href":"https:\/\/zonaroja.com.mx\/index.php?rest_route=%2Fwp%2Fv2%2Fmedia&parent=57839"}],"wp:term":[{"taxonomy":"category","embeddable":true,"href":"https:\/\/zonaroja.com.mx\/index.php?rest_route=%2Fwp%2Fv2%2Fcategories&post=57839"},{"taxonomy":"post_tag","embeddable":true,"href":"https:\/\/zonaroja.com.mx\/index.php?rest_route=%2Fwp%2Fv2%2Ftags&post=57839"}],"curies":[{"name":"wp","href":"https:\/\/api.w.org\/{rel}","templated":true}]}}