{"id":57842,"date":"2023-07-22T08:06:05","date_gmt":"2023-07-22T13:06:05","guid":{"rendered":"http:\/\/www.zonaroja.com.mx\/?p=57842"},"modified":"2023-07-22T08:06:08","modified_gmt":"2023-07-22T13:06:08","slug":"explosivo-en-dominos-de-juchitan-dano-tambien-vehiculos-y-local-hay-4-heridos","status":"publish","type":"post","link":"https:\/\/zonaroja.com.mx\/?p=57842","title":{"rendered":"Explosivo en D\u00f3mino\u2019s de Juchit\u00e1n da\u00f1\u00f3 tambi\u00e9n veh\u00edculos y local; hay 4 heridos"},"content":{"rendered":"\n<p>Ismael Garc\u00eda M.\/Zona Roja.<\/p>\n\n\n\n<p>Oaxaca de Ju\u00e1rez, Oax., a 22 de julio de 2023.- El explosivo lanzado ayer por la tarde contra Domino\u2019s Pizza, en el centro de Juchit\u00e1n, Oaxaca, da\u00f1\u00f3 tambi\u00e9n veh\u00edculos aleda\u00f1os, adem\u00e1s del local, y dej\u00f3 cuatro personas lesionadas; tres m\u00e1s sufrieron crisis nerviosas.<\/p>\n\n\n\n<p>A trav\u00e9s de sus redes sociales, el Heroico Cuerpo de Bomberos inform\u00f3 que en el lugar fueron valoradas y atendidas dos pacientes femeninas, de 32 y 24 a\u00f1os de edad, y dos pacientes masculinos, de 34 y 60 a\u00f1os; tres pacientes m\u00e1s sufrieron crisis nerviosa y fueron estabilizados.<\/p>\n\n\n\n<p>INDAGA FISCAL\u00cdA<\/p>\n\n\n\n<p>Por su parte, en un comunicado, la Fiscal\u00eda General del Estado de Oaxaca (FGEO) dio a conocer que inici\u00f3 una investigaci\u00f3n por la explosi\u00f3n de un artefacto en una pizzer\u00eda ubicada en la calle 16 de Septiembre, entre avenida Miguel Hidalgo e Ignacio Aldama, zona Centro, de la ciudad de Juchit\u00e1n de Zaragoza.<\/p>\n\n\n\n<p>\u201cDe acuerdo con las primeras investigaciones, dos personas a bordo de una motocicleta habr\u00edan lanzado el explosivo -que se encuentra bajo investigaci\u00f3n de la Secretar\u00eda de la Defensa Nacional (Sedena)- contra el local comercial, causando lesiones menores en dos personas (un hombre y una mujer), as\u00ed como da\u00f1os en la propiedad.<\/p>\n\n\n\n<p>\u201cAnte ello, personal de la Agencia Estatal de Investigaciones, peritos en distintas especialidades, as\u00ed como elementos del Ej\u00e9rcito Nacional acudieron al lugar de los hechos para llevar a cabo las diligencias correspondientes.<\/p>\n\n\n\n<figure class=\"wp-block-embed is-type-rich is-provider-twitter wp-block-embed-twitter\"><div class=\"wp-block-embed__wrapper\">\n<div class=\"twitter-tweet\"><blockquote class=\"twitter-tweet\" data-lang=\"es\"><p lang=\"es\" dir=\"ltr\">En el lugar fueron valoradas y atendidas dos pacientes femeninas de 32 y 24 a\u00f1os de edad y dos pacientes masculinos de 34 y 60 a\u00f1os.<br>Tres pacientes m\u00e1s sufrieron crisis nerviosa y fueron estabilizados.<br>Tomo conocimiento la Guardia Nacional, <a href=\"https:\/\/twitter.com\/Policia_GobOax?ref_src=twsrc%5Etfw\">@Policia_GobOax<\/a> y <a href=\"https:\/\/twitter.com\/PolVial_GobOax?ref_src=twsrc%5Etfw\">@PolVial_GobOax<\/a>. <a href=\"https:\/\/t.co\/7UHs9xhNeu\">pic.twitter.com\/7UHs9xhNeu<\/a><\/p>&mdash; Bomberos Oaxaca (@Bomberos_GobOax) <a href=\"https:\/\/twitter.com\/Bomberos_GobOax\/status\/1682574271111987200?ref_src=twsrc%5Etfw\">22 de julio de 2023<\/a><\/blockquote><\/div>\n<\/div><\/figure>\n\n\n\n<p>\u201cHechos como los ocurridos la tarde de este viernes en Juchit\u00e1n son investigados de manera exhaustiva por parte de la FGEO, para dar con los responsables y procurar justicia, evitando as\u00ed la impunidad\u201d, detall\u00f3.<\/p>\n\n\n\n<p>Indic\u00f3 que la Fiscal\u00eda de Oaxaca solicitar\u00e1 de manera inmediata a las autoridades federales, estatales y municipales un programa de intervenci\u00f3n conjunta que permita el reforzamiento de acciones de vigilancia para prevenir hechos delictivos en la zona.<\/p>\n\n\n\n<p>DOS MUJERES<\/p>\n\n\n\n<p>A su vez, el Gobierno del Estado inform\u00f3 que la Secretar\u00eda de Seguridad y Protecci\u00f3n Ciudadana (SSPC) coadyuvar\u00e1 en el \u00e1mbito de sus atribuciones y responsabilidades, con la investigaci\u00f3n que realizan la Fiscal\u00eda General del Estado de Oaxaca (FGEO) y autoridades federales en el hecho de violencia ocurrido en un local comercial ubicado en el municipio de Juchit\u00e1n de Zaragoza.<\/p>\n\n\n\n<p>\u201cLa dependencia destac\u00f3 que, al conocerse los acontecimientos, elementos de la Polic\u00eda Estatal activaron los protocolos de seguridad para dar con el paradero de las personas presuntas responsables.<\/p>\n\n\n\n<p>\u201cDe acuerdo al informe del Servicio de Emergencias 911, una vez que fue reportado el incidente ocurrido en la avenida 16 de Septiembre del municipio de Juchit\u00e1n de Zaragoza, la Polic\u00eda Estatal acudi\u00f3 al lugar, donde el encargado manifest\u00f3 que dos sujetos a bordo de una motocicleta arrojaron un artefacto de cuya detonaci\u00f3n resultaron lesionadas dos personas del sexo femenino.<\/p>\n\n\n\n<p>\u201cCabe mencionar que tambi\u00e9n se registraron da\u00f1os en el establecimiento y en veh\u00edculos que se encontraban estacionados en esa zona, por lo que elementos del Heroico Cuerpo de Bomberos de Oaxaca destacamentados en esa zona prestaron de inmediato el auxilio\u201d.<\/p>\n\n\n\n<figure class=\"wp-block-embed is-type-rich is-provider-twitter wp-block-embed-twitter\"><div class=\"wp-block-embed__wrapper\">\n<div class=\"twitter-tweet\"><blockquote class=\"twitter-tweet\" data-lang=\"es\"><p lang=\"es\" dir=\"ltr\"><a href=\"https:\/\/twitter.com\/hashtag\/%C3%9AltimoMinuto?src=hash&amp;ref_src=twsrc%5Etfw\">#\u00daltimoMinuto<\/a><br>In\u00e9dita violencia en <a href=\"https:\/\/twitter.com\/hashtag\/Oaxaca?src=hash&amp;ref_src=twsrc%5Etfw\">#Oaxaca<\/a> en plenas fiestas de la <a href=\"https:\/\/twitter.com\/hashtag\/Guelaguetza2023?src=hash&amp;ref_src=twsrc%5Etfw\">#Guelaguetza2023<\/a>.<br>Lanzan artefactos explosivos a una pizzer\u00eda Domino\u2019s, en pleno centro de Juchit\u00e1n de Zaragoza.<br>Presuntamente es por negarse a pagar derecho de piso.<br>Hay al menos cuatro personas lesionadas.<br>Solo\u2026 <a href=\"https:\/\/t.co\/n0HsFMYzzk\">pic.twitter.com\/n0HsFMYzzk<\/a><\/p>&mdash; Zona Roja Oaxaca (@ZonaRoja_Oaxaca) <a href=\"https:\/\/twitter.com\/ZonaRoja_Oaxaca\/status\/1682549464697909248?ref_src=twsrc%5Etfw\">22 de julio de 2023<\/a><\/blockquote><\/div>\n<\/div><\/figure>\n","protected":false},"excerpt":{"rendered":"<p>Ismael Garc\u00eda M.\/Zona Roja. Oaxaca de Ju\u00e1rez, Oax., a 22 de julio de 2023.- El&hellip;<\/p>\n","protected":false},"author":2,"featured_media":57843,"comment_status":"closed","ping_status":"open","sticky":false,"template":"","format":"standard","meta":{"_lmt_disableupdate":"","_lmt_disable":"","_jetpack_memberships_contains_paid_content":false,"footnotes":""},"categories":[109,47],"tags":[3617],"class_list":["post-57842","post","type-post","status-publish","format-standard","has-post-thumbnail","hentry","category-minuto-a-minuto","category-zona-gris","tag-dominos-pizza-juchitan"],"jetpack_featured_media_url":"https:\/\/zonaroja.com.mx\/wp-content\/uploads\/2023\/07\/Explosivo-Dominos-Pizza-Juchitan.jpg","jetpack_sharing_enabled":true,"_links":{"self":[{"href":"https:\/\/zonaroja.com.mx\/index.php?rest_route=\/wp\/v2\/posts\/57842","targetHints":{"allow":["GET"]}}],"collection":[{"href":"https:\/\/zonaroja.com.mx\/index.php?rest_route=\/wp\/v2\/posts"}],"about":[{"href":"https:\/\/zonaroja.com.mx\/index.php?rest_route=\/wp\/v2\/types\/post"}],"author":[{"embeddable":true,"href":"https:\/\/zonaroja.com.mx\/index.php?rest_route=\/wp\/v2\/users\/2"}],"replies":[{"embeddable":true,"href":"https:\/\/zonaroja.com.mx\/index.php?rest_route=%2Fwp%2Fv2%2Fcomments&post=57842"}],"version-history":[{"count":1,"href":"https:\/\/zonaroja.com.mx\/index.php?rest_route=\/wp\/v2\/posts\/57842\/revisions"}],"predecessor-version":[{"id":57846,"href":"https:\/\/zonaroja.com.mx\/index.php?rest_route=\/wp\/v2\/posts\/57842\/revisions\/57846"}],"wp:featuredmedia":[{"embeddable":true,"href":"https:\/\/zonaroja.com.mx\/index.php?rest_route=\/wp\/v2\/media\/57843"}],"wp:attachment":[{"href":"https:\/\/zonaroja.com.mx\/index.php?rest_route=%2Fwp%2Fv2%2Fmedia&parent=57842"}],"wp:term":[{"taxonomy":"category","embeddable":true,"href":"https:\/\/zonaroja.com.mx\/index.php?rest_route=%2Fwp%2Fv2%2Fcategories&post=57842"},{"taxonomy":"post_tag","embeddable":true,"href":"https:\/\/zonaroja.com.mx\/index.php?rest_route=%2Fwp%2Fv2%2Ftags&post=57842"}],"curies":[{"name":"wp","href":"https:\/\/api.w.org\/{rel}","templated":true}]}}