{"id":57847,"date":"2023-07-22T10:00:00","date_gmt":"2023-07-22T15:00:00","guid":{"rendered":"http:\/\/www.zonaroja.com.mx\/?p=57847"},"modified":"2023-07-22T08:20:11","modified_gmt":"2023-07-22T13:20:11","slug":"detienen-a-un-individuo-por-matar-a-zeus-en-la-cdmx-en-el-dia-del-perro-redaccion-zona-roja-cdmx","status":"publish","type":"post","link":"https:\/\/zonaroja.com.mx\/?p=57847","title":{"rendered":"Detienen a un individuo por matar a \u201cZeus\u201d en la Cdmx, en el D\u00eda del Perro"},"content":{"rendered":"\n<p>Redacci\u00f3n\/Zona Roja Cdmx.<\/p>\n\n\n\n<p>Ciudad de M\u00e9xico, a 22 de julio de 2023.- Elementos de la Secretar\u00eda de Seguridad Ciudadana de la Ciudad de M\u00e9xico (SSC-Cdmx), detuvieron a un hombre que, al parecer, realiz\u00f3 disparos con un arma de fuego contra el perrito \u201cZeus\u201d que muri\u00f3, sobre Eje Central y su cruce con la avenida Manuel Gonz\u00e1lez, de la colonia Exhip\u00f3dromo de Peralvillo, alcald\u00eda Cuauht\u00e9moc.<\/p>\n\n\n\n<p>De acuerdo con una tarjeta informativa de la SSC-Cdmx, elementos policiacos de la dependencia acudieron al sitio donde se entrevistaron con un ciudadano identificado como Jos\u00e9 Luis \u201cN\u201d, quien refiri\u00f3 que, momentos antes, un grupo de sujetos se acerc\u00f3 e intent\u00f3 asaltarlo, por lo cual su perro le comenz\u00f3 a ladrarle para tratar de defenderlo.<\/p>\n\n\n\n<p>Al no poder robarle sus pertenencias, el sujeto se fue y al regresar acompa\u00f1ado de otras personas, sac\u00f3 de entre sus ropas un objeto similar a una pistola y de forma directa le realiz\u00f3 los disparos al perrito Zeus, el cual perdi\u00f3 la vida.<\/p>\n\n\n\n<p>En un video captado por las c\u00e1maras del C5, se muestra el momento en el que un grupo de sujetos golpe\u00f3 a un hombre de la tercera edad, presuntamente para asaltarlo.&nbsp;<\/p>\n\n\n\n<p>En las im\u00e1genes se pudo observar que el perrito Zeus se interpuso delante de su due\u00f1o para defenderlo de los sujetos que intentaron asaltarlo, pero uno de los sujetos sac\u00f3 un arma de fuego y le dispar\u00f3.<\/p>\n\n\n\n<p>De inmediato, a trav\u00e9s de los monitoristas del Centro de Comando y Control (C2) Norte implementaron un cerco virtual y, a la altura de la calle La Ronda, el probable agresor de dispararle al perrito Zeus y otro sujeto m\u00e1s, quienes fueron detenidos por uniformados en campo.<\/p>\n\n\n\n<p>El sujeto de 41 a\u00f1os de edad que le dispar\u00f3 al perrito Zeus \u201dfue reconocido plenamente por el denunciante, por lo fue puesto a disposici\u00f3n del agente del Ministerio P\u00fablico correspondiente quien definir\u00e1 su situaci\u00f3n jur\u00eddica.<\/p>\n\n\n\n<p>A trav\u00e9s de su cuenta de Twitter, el titular de la Secretaria de Seguridad Ciudadana de la capital, Omar Garc\u00eda Harfuch, indic\u00f3 que el agresor de Zeus fue detenido gracias a una denuncia ciudadana.<\/p>\n\n\n\n<p>Estos hechos ocurrieron la ma\u00f1ana de este viernes 21 de julio, en el marco del D\u00eda Mundial del Perro.<\/p>\n\n\n\n<p>(Informaci\u00f3n de ADN 40)<\/p>\n","protected":false},"excerpt":{"rendered":"<p>Redacci\u00f3n\/Zona Roja Cdmx. Ciudad de M\u00e9xico, a 22 de julio de 2023.- Elementos de la&hellip;<\/p>\n","protected":false},"author":2,"featured_media":57848,"comment_status":"closed","ping_status":"open","sticky":false,"template":"","format":"standard","meta":{"_lmt_disableupdate":"","_lmt_disable":"","_jetpack_memberships_contains_paid_content":false,"footnotes":""},"categories":[109,47],"tags":[],"class_list":["post-57847","post","type-post","status-publish","format-standard","has-post-thumbnail","hentry","category-minuto-a-minuto","category-zona-gris"],"jetpack_featured_media_url":"https:\/\/zonaroja.com.mx\/wp-content\/uploads\/2023\/07\/Detenido-matan-a-Zeuz-perrito-Cdmx.jpeg","jetpack_sharing_enabled":true,"_links":{"self":[{"href":"https:\/\/zonaroja.com.mx\/index.php?rest_route=\/wp\/v2\/posts\/57847","targetHints":{"allow":["GET"]}}],"collection":[{"href":"https:\/\/zonaroja.com.mx\/index.php?rest_route=\/wp\/v2\/posts"}],"about":[{"href":"https:\/\/zonaroja.com.mx\/index.php?rest_route=\/wp\/v2\/types\/post"}],"author":[{"embeddable":true,"href":"https:\/\/zonaroja.com.mx\/index.php?rest_route=\/wp\/v2\/users\/2"}],"replies":[{"embeddable":true,"href":"https:\/\/zonaroja.com.mx\/index.php?rest_route=%2Fwp%2Fv2%2Fcomments&post=57847"}],"version-history":[{"count":2,"href":"https:\/\/zonaroja.com.mx\/index.php?rest_route=\/wp\/v2\/posts\/57847\/revisions"}],"predecessor-version":[{"id":57852,"href":"https:\/\/zonaroja.com.mx\/index.php?rest_route=\/wp\/v2\/posts\/57847\/revisions\/57852"}],"wp:featuredmedia":[{"embeddable":true,"href":"https:\/\/zonaroja.com.mx\/index.php?rest_route=\/wp\/v2\/media\/57848"}],"wp:attachment":[{"href":"https:\/\/zonaroja.com.mx\/index.php?rest_route=%2Fwp%2Fv2%2Fmedia&parent=57847"}],"wp:term":[{"taxonomy":"category","embeddable":true,"href":"https:\/\/zonaroja.com.mx\/index.php?rest_route=%2Fwp%2Fv2%2Fcategories&post=57847"},{"taxonomy":"post_tag","embeddable":true,"href":"https:\/\/zonaroja.com.mx\/index.php?rest_route=%2Fwp%2Fv2%2Ftags&post=57847"}],"curies":[{"name":"wp","href":"https:\/\/api.w.org\/{rel}","templated":true}]}}