{"id":57858,"date":"2023-07-22T13:00:00","date_gmt":"2023-07-22T18:00:00","guid":{"rendered":"http:\/\/www.zonaroja.com.mx\/?p=57858"},"modified":"2023-07-22T08:49:03","modified_gmt":"2023-07-22T13:49:03","slug":"impulsa-ges-mujer-activismo-digital-contra-el-racismo-y-la-discriminacion","status":"publish","type":"post","link":"https:\/\/zonaroja.com.mx\/?p=57858","title":{"rendered":"Impulsa GES-Mujer activismo digital contra el racismo y la discriminaci\u00f3n"},"content":{"rendered":"\n<p>Redacci\u00f3n\/Zona Roja.&nbsp;<\/p>\n\n\n\n<p>Oaxaca de Ju\u00e1rez, Oax., a 22 de julio de 2023.- El racismo y la discriminaci\u00f3n, son formas de violencia que obstaculizan el pleno ejercicio de los derechos humanos de grandes sectores de la poblaci\u00f3n.&nbsp;<\/p>\n\n\n\n<p>Desafortunadamente la normalizaci\u00f3n de un lenguaje ofensivo, de pr\u00e1cticas discriminatorias basadas en la raza, el color de piel, origen \u00e9tnico, lengua, vestimenta o cualquier otra expresi\u00f3n de racismo se traducen en exclusi\u00f3n.<\/p>\n\n\n\n<p>Ante esta problem\u00e1tica, el proyecto \u201cPor un Oaxaca de ni\u00f1as y mujeres vivas, libres y sin violencias\u201d en el Grupo de Estudios sobre la Mujer \u201cRosario Castellanos\u201d acompa\u00f1a a l\u00edderes comunitarias a fin de implementar acciones orientadas a eliminar, desde sus propios contextos, todas las formas de violencias.&nbsp;<\/p>\n\n\n\n<p>Actualmente el activismo digital es una de las estrategias que ni\u00f1as, ni\u00f1os y adolescentes llevan a cabo desde comunidades ind\u00edgenas y afromexicanas, a fin de colocar importantes temas en las redes sociales, como el m\u00e1s reciente video en&nbsp;Tiktok,&nbsp;sobre racismo y discriminaci\u00f3n que de acuerdo el seguimiento, ha logrado m\u00e1s de 100 mil visualizaciones en 24 horas.&nbsp;https:\/\/www.tiktok.com\/@gesmujer\/video\/7257686600409156869.<\/p>\n\n\n\n<p>Esta estrategia puede tener un alto impacto, dado que, en M\u00e9xico 50 por ciento de las ni\u00f1as y ni\u00f1os entre 6 y 11 a\u00f1os utilizan internet o tienen acceso a una computadora y en el caso de la poblaci\u00f3n adolescente de 12 a 17 a\u00f1os, entre el 80 y 94% usan internet o una computadora.&nbsp;<\/p>\n\n\n\n<p>Pero, as\u00ed como utilizar internet es una oportunidad para el cambio social, tambi\u00e9n representa riesgos para la ni\u00f1ez y la adolescencia. Seg\u00fan las encuestas nacionales, 25 por ciento de las y los adolescentes de entre 12 y 17 a\u00f1os ha vivido alguna forma de ciberacoso en M\u00e9xico. (Unicef,2021), por lo que este tema tambi\u00e9n es un aspecto a abordar.&nbsp;<\/p>\n\n\n\n<p>Los objetivos del activismo digital incluyen brindar informaci\u00f3n sobre derechos humanos a fin de generar conciencia entre infancias y adolescencias, provocar reacciones y llamar a la acci\u00f3n con herramientas que les permitan transitar por el ciberespacio libres de todas las formas de violencias.&nbsp;<\/p>\n\n\n\n<p>El tema de racismo y discriminaci\u00f3n ha generado todo tipo de comentarios, desde los m\u00e1s favorables, hasta algunos que confirman lo sensible del tema y la urgente necesidad de seguir trabajando para erradicar el racismo y la discriminaci\u00f3n en todos los espacios, incluyendo el virtual, toda vez que sigue siendo invisible a la mirada de sectores de la poblaci\u00f3n, lo que perpet\u00faa la exclusi\u00f3n social.<\/p>\n\n\n\n<p>Ciertamente estos temas son vigentes, m\u00e1s en un estado como Oaxaca, donde cada a\u00f1o se celebra la Guelaguetza, como una fiesta donde se reconoce la diversidad cultural frente al mundo, pero no se acompa\u00f1a de acciones tendientes a eliminar el racismo y la discriminaci\u00f3n que d\u00eda a d\u00eda enfrentan los pueblos y comunidades ind\u00edgenas y afromexicanos, lo cual es una grave contradicci\u00f3n, donde en la pr\u00e1ctica se les excluye del nivel de bienestar al que tienen derecho.<\/p>\n\n\n\n<p>GESMujer convoca a la sociedad a escuchar las voces de infancias y adolescencias ind\u00edgenas y afromexicanas, ya que est\u00e1n abordando temas relevantes para un cambio social, como son la erradicaci\u00f3n de uniones y matrimonios infantiles, disminuci\u00f3n del embarazo adolescente, no planeado o producto de la violencia sexual, reconocimiento a sus derechos a la igualdad, derechos sexuales y reproductivos, derecho a vivir libres de todas las formas de violencias en la casa, la escuela, la comunidad, as\u00ed como el ciberespacio. &nbsp;<\/p>\n","protected":false},"excerpt":{"rendered":"<p>Redacci\u00f3n\/Zona Roja.&nbsp; Oaxaca de Ju\u00e1rez, Oax., a 22 de julio de 2023.- El racismo y&hellip;<\/p>\n","protected":false},"author":2,"featured_media":57861,"comment_status":"closed","ping_status":"open","sticky":false,"template":"","format":"standard","meta":{"_lmt_disableupdate":"","_lmt_disable":"","_jetpack_memberships_contains_paid_content":false,"footnotes":""},"categories":[109,46],"tags":[],"class_list":["post-57858","post","type-post","status-publish","format-standard","has-post-thumbnail","hentry","category-minuto-a-minuto","category-zona-blanca"],"jetpack_featured_media_url":"https:\/\/zonaroja.com.mx\/wp-content\/uploads\/2023\/07\/Racismo-digital-GES-Mujer.jpeg","jetpack_sharing_enabled":true,"_links":{"self":[{"href":"https:\/\/zonaroja.com.mx\/index.php?rest_route=\/wp\/v2\/posts\/57858","targetHints":{"allow":["GET"]}}],"collection":[{"href":"https:\/\/zonaroja.com.mx\/index.php?rest_route=\/wp\/v2\/posts"}],"about":[{"href":"https:\/\/zonaroja.com.mx\/index.php?rest_route=\/wp\/v2\/types\/post"}],"author":[{"embeddable":true,"href":"https:\/\/zonaroja.com.mx\/index.php?rest_route=\/wp\/v2\/users\/2"}],"replies":[{"embeddable":true,"href":"https:\/\/zonaroja.com.mx\/index.php?rest_route=%2Fwp%2Fv2%2Fcomments&post=57858"}],"version-history":[{"count":1,"href":"https:\/\/zonaroja.com.mx\/index.php?rest_route=\/wp\/v2\/posts\/57858\/revisions"}],"predecessor-version":[{"id":57859,"href":"https:\/\/zonaroja.com.mx\/index.php?rest_route=\/wp\/v2\/posts\/57858\/revisions\/57859"}],"wp:featuredmedia":[{"embeddable":true,"href":"https:\/\/zonaroja.com.mx\/index.php?rest_route=\/wp\/v2\/media\/57861"}],"wp:attachment":[{"href":"https:\/\/zonaroja.com.mx\/index.php?rest_route=%2Fwp%2Fv2%2Fmedia&parent=57858"}],"wp:term":[{"taxonomy":"category","embeddable":true,"href":"https:\/\/zonaroja.com.mx\/index.php?rest_route=%2Fwp%2Fv2%2Fcategories&post=57858"},{"taxonomy":"post_tag","embeddable":true,"href":"https:\/\/zonaroja.com.mx\/index.php?rest_route=%2Fwp%2Fv2%2Ftags&post=57858"}],"curies":[{"name":"wp","href":"https:\/\/api.w.org\/{rel}","templated":true}]}}