{"id":57860,"date":"2023-07-22T17:45:00","date_gmt":"2023-07-22T22:45:00","guid":{"rendered":"http:\/\/www.zonaroja.com.mx\/?p=57860"},"modified":"2023-07-22T08:48:21","modified_gmt":"2023-07-22T13:48:21","slug":"arrecian-ataques-con-explosivos-en-mexico-es-narcoterrorismo","status":"publish","type":"post","link":"https:\/\/zonaroja.com.mx\/?p=57860","title":{"rendered":"Arrecian ataques con explosivos en M\u00e9xico; \u00bfes narcoterrorismo?"},"content":{"rendered":"\n<p>Redacci\u00f3n\/Zona Roja Cdmx.<\/p>\n\n\n\n<p>Ciudad de M\u00e9xico, a 22 de julio de 2023.- Los ataques con artefactos explosivos van en aumento en M\u00e9xico. En menos de tres semanas, en el pa\u00eds ha habido tres episodios de violencia vinculada al uso de explosivos.<\/p>\n\n\n\n<p>Se trata de eventos que ha dejado personas fallecidas y varios heridos en el pa\u00eds donde las autoridades niega que se trate de eventos para causar terror en la gente.<\/p>\n\n\n\n<p>En Guanajuato un \u201ccochebomba\u201d explot\u00f3 la noche del mi\u00e9rcoles 28 de junio cuando elementos de la Guardia Nacional recibieron una denuncia an\u00f3nima en la que les indicaron de un veh\u00edculo abandonado en la comunidad Sauz Villase\u00f1or en el municipio de Celaya. Mientras los guardias realizaban la inspecci\u00f3n, el veh\u00edculo estall\u00f3. El saldo fue un elemento muerto y nueve m\u00e1s heridos.<\/p>\n\n\n\n<p>D\u00edas despu\u00e9s, en Teocaltiche, Jalisco fue ubicado un \u201ccoche bomba\u201d. El 5 de julio, la Secretar\u00eda de la Defensa Nacional inform\u00f3 que en un enfrentamiento con presuntos miembros del crimen organizado se decomisaron veh\u00edculos, un arma de fuego y cuatro artefactos explosivos, algunos de los mecanismos estaban ubicados en la parte inferior de uno de los automotores.<\/p>\n\n\n\n<p>La semana pasada, en Jalisco, de nuevo se registr\u00f3 un episodio de violencia. Siete elementos de seguridad murieron luego de que se registr\u00f3 una explosi\u00f3n en minas terrestres, que, a decir del gobernador de la entidad, Enrique Alfaro, se trat\u00f3 \u201cde una trampa\u201d.<\/p>\n\n\n\n<p>Pero a pesar de estos episodios, las autoridades no hablan de ellos como \u00abterrorismo\u00bb. El presidente Andr\u00e9s Manuel L\u00f3pez Obrador evit\u00f3 referirse a si estos actos son \u00abterrorismo\u00bb, pero reconoci\u00f3 que hay una escalada en el uso de artefactos explosivos.<\/p>\n\n\n\n<p>\u201cEs una forma de agresi\u00f3n que se utiliza. Constantemente, estamos confiscando explosivos, constantemente en toda esa zona: en Michoac\u00e1n, en Jalisco, en Guanajuato\u201d, dijo en su conferencia del 13 de julio.<\/p>\n\n\n\n<p>Expertos en seguridad p\u00fablica consultados por Expansi\u00f3n Pol\u00edtica advierten que M\u00e9xico est\u00e1 ante una incremento en el nivel de violencia, sin embargo, sostienen que a\u00fan no se puede hablar de \u201cterrorismo\u00bb.<\/p>\n\n\n\n<p>M\u00e1s detalles en la nota de Lidia Arista en \u201cExpansi\u00f3n Pol\u00edtica\u201d:<\/p>\n\n\n\n<figure class=\"wp-block-embed\"><div class=\"wp-block-embed__wrapper\">\nhttps:\/\/politica.expansion.mx\/mexico\/2023\/07\/18\/ataques-con-explosivos-narcoterrorismo-o-una-escalada-mas-de-violencia\n<\/div><\/figure>\n","protected":false},"excerpt":{"rendered":"<p>Redacci\u00f3n\/Zona Roja Cdmx. Ciudad de M\u00e9xico, a 22 de julio de 2023.- Los ataques con&hellip;<\/p>\n","protected":false},"author":2,"featured_media":57862,"comment_status":"closed","ping_status":"open","sticky":false,"template":"","format":"standard","meta":{"_lmt_disableupdate":"","_lmt_disable":"","_jetpack_memberships_contains_paid_content":false,"footnotes":""},"categories":[109,47],"tags":[],"class_list":["post-57860","post","type-post","status-publish","format-standard","has-post-thumbnail","hentry","category-minuto-a-minuto","category-zona-gris"],"jetpack_featured_media_url":"https:\/\/zonaroja.com.mx\/wp-content\/uploads\/2023\/07\/Explosivos-narcoterrorismo-Mexico.jpeg","jetpack_sharing_enabled":true,"_links":{"self":[{"href":"https:\/\/zonaroja.com.mx\/index.php?rest_route=\/wp\/v2\/posts\/57860","targetHints":{"allow":["GET"]}}],"collection":[{"href":"https:\/\/zonaroja.com.mx\/index.php?rest_route=\/wp\/v2\/posts"}],"about":[{"href":"https:\/\/zonaroja.com.mx\/index.php?rest_route=\/wp\/v2\/types\/post"}],"author":[{"embeddable":true,"href":"https:\/\/zonaroja.com.mx\/index.php?rest_route=\/wp\/v2\/users\/2"}],"replies":[{"embeddable":true,"href":"https:\/\/zonaroja.com.mx\/index.php?rest_route=%2Fwp%2Fv2%2Fcomments&post=57860"}],"version-history":[{"count":1,"href":"https:\/\/zonaroja.com.mx\/index.php?rest_route=\/wp\/v2\/posts\/57860\/revisions"}],"predecessor-version":[{"id":57863,"href":"https:\/\/zonaroja.com.mx\/index.php?rest_route=\/wp\/v2\/posts\/57860\/revisions\/57863"}],"wp:featuredmedia":[{"embeddable":true,"href":"https:\/\/zonaroja.com.mx\/index.php?rest_route=\/wp\/v2\/media\/57862"}],"wp:attachment":[{"href":"https:\/\/zonaroja.com.mx\/index.php?rest_route=%2Fwp%2Fv2%2Fmedia&parent=57860"}],"wp:term":[{"taxonomy":"category","embeddable":true,"href":"https:\/\/zonaroja.com.mx\/index.php?rest_route=%2Fwp%2Fv2%2Fcategories&post=57860"},{"taxonomy":"post_tag","embeddable":true,"href":"https:\/\/zonaroja.com.mx\/index.php?rest_route=%2Fwp%2Fv2%2Ftags&post=57860"}],"curies":[{"name":"wp","href":"https:\/\/api.w.org\/{rel}","templated":true}]}}