{"id":57867,"date":"2023-07-22T17:28:48","date_gmt":"2023-07-22T22:28:48","guid":{"rendered":"http:\/\/www.zonaroja.com.mx\/?p=57867"},"modified":"2023-07-22T17:28:52","modified_gmt":"2023-07-22T22:28:52","slug":"concreta-jara-golpe-a-tjao-y-congreso-de-oaxaca-lo-desaparece-para-crear-nuevo-organo","status":"publish","type":"post","link":"https:\/\/zonaroja.com.mx\/?p=57867","title":{"rendered":"Concreta Jara golpe a TJAO y Congreso de Oaxaca lo desaparece, para crear nuevo \u00f3rgano"},"content":{"rendered":"\n<p>Yuridiana Sosa\/Zona Roja.<\/p>\n\n\n\n<p>Oaxaca de Ju\u00e1rez, Oax., a 22 de julio de 2023.- Desde el Congreso de Oaxaca, el plan del gobernador Salom\u00f3n Jara Cruz para la desaparici\u00f3n del Tribunal de Justicia Administrativa del Estado de Oaxaca, se concret\u00f3.&nbsp;<\/p>\n\n\n\n<p>La 65 Legislatura de Oaxaca aprob\u00f3 en sesi\u00f3n extraordinaria virtual, con 33 votos a favor y uno en contra, modificaciones constitucionales a la ley que rige al \u00f3rgano aut\u00f3nomo, con el cual desaparecen los magistrados y da paso al Tribunal de Justicia Administrativa y Combate a la Corrupci\u00f3n del Estado de Oaxaca que sustituir\u00e1 dicho \u00f3rgano. <\/p>\n\n\n\n<p>Sin pasar a comisiones y en s\u00f3lo ocho minutos de sesi\u00f3n extraordinaria, los legisladores avalaron la propuesta presentada por el diputado de Morena, Luis Alfonso Silva Romo.<\/p>\n\n\n\n<p>Desde el 1 de mayo, durante su conferencia matutina, Jara Cruz adelant\u00f3 su deseo por aplicar reformas para la desaparici\u00f3n del TJAO por ser un \u00f3rgano plagado de diversos actos irregulares y de corrupci\u00f3n, algunos de ellos para perjudicar a su nuevo gobierno.<\/p>\n\n\n\n<p>Entonces se\u00f1al\u00f3 que los magistrados actuales que integraban dicho Tribunal segu\u00edan al servicio del PRI e incluso fueron puestos para que durante el actual gobierno siguieron protegiendo a los ex funcionarios de responsabilidades administrativas.<\/p>\n\n\n\n<p>En el marco de la aprobaci\u00f3n del Congreso, el gobierno de Oaxaca orden\u00f3 un operativo de seguridad en las instalaciones del Tribunal de Justicia Administrativa del Estado, en el centro de la capital, a donde llegaron decenas de elementos de la Agencia Estatal de Investigaciones y de la Polic\u00eda Estatal para resguardar el inmueble.<\/p>\n\n\n\n<p>NUEVO SISTEMA.<\/p>\n\n\n\n<p>La reforma constitucional establece que a partir del inicio de la vigencia de este Decreto, el Tribunal de Justicia Administrativa y Combate a la Corrupci\u00f3n del Estado de Oaxaca, sustituir\u00e1 las funciones que desempe\u00f1aba el Tribunal de Justicia Administrativa del Estado de Oaxaca. <\/p>\n\n\n\n<figure class=\"wp-block-embed\"><div class=\"wp-block-embed__wrapper\">\n<div class=\"twitter-tweet\"><blockquote class=\"twitter-tweet\" data-lang=\"es\"><p lang=\"es\" dir=\"ltr\"><a href=\"https:\/\/twitter.com\/hashtag\/%C3%9AltimoMinuto?src=hash&amp;ref_src=twsrc%5Etfw\">#\u00daltimoMinuto<\/a><br>En ocho minutos, con la presencia inicial y virtual de 32 representantes populares y sin pasar por comisiones, el pleno del <a href=\"https:\/\/twitter.com\/CongresoOaxaca_?ref_src=twsrc%5Etfw\">@CongresoOaxaca_<\/a> la aprob\u00f3 hoy con 33 votos a favor y uno en contra, modificaciones constitucionales a la ley que rige el Tribunal de Justicia\u2026 <a href=\"https:\/\/t.co\/DtoVz7NPZ0\">pic.twitter.com\/DtoVz7NPZ0<\/a><\/p>&mdash; Zona Roja Oaxaca (@ZonaRoja_Oaxaca) <a href=\"https:\/\/twitter.com\/ZonaRoja_Oaxaca\/status\/1682837010384396291?ref_src=twsrc%5Etfw\">22 de julio de 2023<\/a><\/blockquote><\/div>\n<\/div><\/figure>\n\n\n\n<p>Eso incluye que dejar\u00e1n de surtir efectos los nombramientos de los magistrados del TJAO, a quienes se les aplicar\u00e1 una indemnizaci\u00f3n conforme al plazo que le restaba fungir a cada magistrado, de acuerdo a la suficiencia presupuestal que tenga el \u00f3rgano.<\/p>\n\n\n\n<p>Despu\u00e9s de ello, el gobernador del estado debe designar a las personas que integrar\u00e1n el Tribunal de Justicia Administrativa y Combate a la Corrupci\u00f3n del Estado de Oaxaca, las cuales ser\u00e1n ratificadas por el Congreso del Estado.<\/p>\n\n\n\n<p>Por su parte, el Congreso del Estado deber\u00e1 emitir la Ley Org\u00e1nica del Tribunal de Justicia Administrativa y Combate a la Corrupci\u00f3n del Estado de Oaxaca, dentro del plazo de 70 d\u00edas naturales posteriores a la publicaci\u00f3n del presente Decreto.<\/p>\n\n\n\n<p>Respecto a la reestructuraci\u00f3n y transferencias de los recursos humanos, financieros y materiales del Tribunal de Justicia Administrativa del Estado de Oaxaca para dar a la instalaci\u00f3n del Tribunal de Justicia Administrativa y Combate a la Corrupci\u00f3n del Estado de Oaxaca, deber\u00e1 contemplarse dentro de la Ley Org\u00e1nica del Tribunal de Justicia Administrativa y Combate a la Corrupci\u00f3n del Estado de Oaxaca<\/p>\n\n\n\n<p>As\u00ed tambi\u00e9n, el Congreso de Oaxaca deber\u00e1 realizar las acciones necesarias para que, a partir del 2024, se asigne el presupuesto de egresos al Tribunal de Justicia Administrativa y Combate a la Corrupci\u00f3n del Estado de Oaxaca, reasignando los recursos que le correspond\u00edan al Tribunal de Justicia Administrativa del Estado de Oaxaca, con el objeto de que se implemente correctamente el presente Decreto y se otorgue su autonom\u00eda constitucional.<\/p>\n\n\n\n<figure class=\"wp-block-embed\"><div class=\"wp-block-embed__wrapper\">\n<div class=\"twitter-tweet\"><blockquote class=\"twitter-tweet\" data-lang=\"es\"><p lang=\"es\" dir=\"ltr\">Desde el mediod\u00eda de este s\u00e1bado, elementos de la <a href=\"https:\/\/twitter.com\/Policia_GobOax?ref_src=twsrc%5Etfw\">@Policia_GobOax<\/a> y de la <a href=\"https:\/\/twitter.com\/AEI_Oaxaca?ref_src=twsrc%5Etfw\">@AEI_Oaxaca<\/a>, resguardan la sede del Tribunal de Justicia Administrativa del Estado de Oaxaca (<a href=\"https:\/\/twitter.com\/TJAO_Oaxaca?ref_src=twsrc%5Etfw\">@TJAO_Oaxaca<\/a>), ubicada en la avenida Hidalgo 205 del centro de la capital.<br>Lo anterior con la finalidad de\u2026 <a href=\"https:\/\/t.co\/LOVm2VHrsf\">pic.twitter.com\/LOVm2VHrsf<\/a><\/p>&mdash; Zona Roja Oaxaca (@ZonaRoja_Oaxaca) <a href=\"https:\/\/twitter.com\/ZonaRoja_Oaxaca\/status\/1682860406233083906?ref_src=twsrc%5Etfw\">22 de julio de 2023<\/a><\/blockquote><\/div>\n<\/div><\/figure>\n\n\n\n<p>JUSTIFICACIONES<\/p>\n\n\n\n<p>El diputado Luis Alfonso Silva Romo present\u00f3 entre su exposici\u00f3n de motivos para la desaparici\u00f3n del TJAO su ineficacia.<\/p>\n\n\n\n<p>\u201cLa estructura actual del&nbsp;TJAO, resulta desproporcionada respecto a la misi\u00f3n constitucional y social para el que fue creado\u201d; \u201cA primera vista, al contar con m\u00faltiples salas y magistraturas, lo ideal ser\u00eda que el desempe\u00f1o jurisdiccional del&nbsp;TJAO&nbsp;se&nbsp;acercara&nbsp;a los m\u00e1ximos est\u00e1ndares en cuanto a la resoluci\u00f3n de juicios y recursos; nada m\u00e1s lejos de la realidad\u201d.<\/p>\n\n\n\n<p>&nbsp;En realidad, dijo, el TJAO es \u201creconocido como un ente plagado de tr\u00e1mites engorrosos e impedimentos burocr\u00e1ticos que perjudican a los gobernados\u201d, as\u00ed como que, a pesar de contar con 12 magistrados distribuidos en 8 salas, no pudo garantizar el acceso a la justicia los oaxaque\u00f1as y oaxaque\u00f1os que acudieron a solicitar justicia en contra de servidores p\u00fablicos que emitieron actos privativos en su contra.&nbsp;<\/p>\n\n\n\n<p>As\u00ed tambi\u00e9n expuso, entre otras cosas, que resalta a\u00fan m\u00e1s el pobre desempe\u00f1o del TJAO comparado con el presupuesto acumulado entre el a\u00f1o 2020 y el 2022, de 143 millones 496 mil 608 pesos.<\/p>\n","protected":false},"excerpt":{"rendered":"<p>Yuridiana Sosa\/Zona Roja. Oaxaca de Ju\u00e1rez, Oax., a 22 de julio de 2023.- Desde el&hellip;<\/p>\n","protected":false},"author":2,"featured_media":57866,"comment_status":"closed","ping_status":"open","sticky":false,"template":"","format":"standard","meta":{"_lmt_disableupdate":"","_lmt_disable":"","_jetpack_memberships_contains_paid_content":false,"footnotes":""},"categories":[109,47],"tags":[],"class_list":["post-57867","post","type-post","status-publish","format-standard","has-post-thumbnail","hentry","category-minuto-a-minuto","category-zona-gris"],"jetpack_featured_media_url":"https:\/\/zonaroja.com.mx\/wp-content\/uploads\/2023\/07\/09743a2b-fa02-4732-8ea8-a019fb42004b.jpg","jetpack_sharing_enabled":true,"_links":{"self":[{"href":"https:\/\/zonaroja.com.mx\/index.php?rest_route=\/wp\/v2\/posts\/57867","targetHints":{"allow":["GET"]}}],"collection":[{"href":"https:\/\/zonaroja.com.mx\/index.php?rest_route=\/wp\/v2\/posts"}],"about":[{"href":"https:\/\/zonaroja.com.mx\/index.php?rest_route=\/wp\/v2\/types\/post"}],"author":[{"embeddable":true,"href":"https:\/\/zonaroja.com.mx\/index.php?rest_route=\/wp\/v2\/users\/2"}],"replies":[{"embeddable":true,"href":"https:\/\/zonaroja.com.mx\/index.php?rest_route=%2Fwp%2Fv2%2Fcomments&post=57867"}],"version-history":[{"count":1,"href":"https:\/\/zonaroja.com.mx\/index.php?rest_route=\/wp\/v2\/posts\/57867\/revisions"}],"predecessor-version":[{"id":57868,"href":"https:\/\/zonaroja.com.mx\/index.php?rest_route=\/wp\/v2\/posts\/57867\/revisions\/57868"}],"wp:featuredmedia":[{"embeddable":true,"href":"https:\/\/zonaroja.com.mx\/index.php?rest_route=\/wp\/v2\/media\/57866"}],"wp:attachment":[{"href":"https:\/\/zonaroja.com.mx\/index.php?rest_route=%2Fwp%2Fv2%2Fmedia&parent=57867"}],"wp:term":[{"taxonomy":"category","embeddable":true,"href":"https:\/\/zonaroja.com.mx\/index.php?rest_route=%2Fwp%2Fv2%2Fcategories&post=57867"},{"taxonomy":"post_tag","embeddable":true,"href":"https:\/\/zonaroja.com.mx\/index.php?rest_route=%2Fwp%2Fv2%2Ftags&post=57867"}],"curies":[{"name":"wp","href":"https:\/\/api.w.org\/{rel}","templated":true}]}}