{"id":57870,"date":"2023-07-22T22:24:15","date_gmt":"2023-07-23T03:24:15","guid":{"rendered":"http:\/\/www.zonaroja.com.mx\/?p=57870"},"modified":"2023-07-22T22:26:08","modified_gmt":"2023-07-23T03:26:08","slug":"otro-dia-fatal-en-oaxaca-dos-muertos-por-accidentes-con-decena-de-heridos-y-un-presunto-suicidio","status":"publish","type":"post","link":"https:\/\/zonaroja.com.mx\/?p=57870","title":{"rendered":"Otro d\u00eda fatal en Oaxaca: dos muertos por accidentes con decena de heridos y un presunto suicidio"},"content":{"rendered":"\n<p>Redacci\u00f3n\/Zona Roja.<\/p>\n\n\n\n<p>Oaxaca de Ju\u00e1rez, Oax., a 23 de julio de 2023.- Al menos otros cinco percances se han registrado en las \u00faltimas 12 horas en Oaxaca, con saldo preliminar de dos personas fallecidas y una decena de lesionadas; adem\u00e1s, un polic\u00eda supuestamente se quit\u00f3 la vida en la capital.<\/p>\n\n\n\n<p>Anoche en la carretera local que une a San Dionisio Ocotepec con Ocotl\u00e1n de Morelos, jurisdicci\u00f3n de San Felipe G\u00fcil\u00e1, se suscit\u00f3 la volcadura de un veh\u00edculo pesado con carga.<\/p>\n\n\n\n<p>El chofer de la unidad qued\u00f3 prensado y perdi\u00f3 la vida, quien fue identificado como Jes\u00fas Manuel G. V., de 36 a\u00f1os de edad. <\/p>\n\n\n\n<p>Esta ma\u00f1ana en la carretera Oaxaca-Istmo, a la altura del paraje \u201cLas Tejas\u201d, cerca de Jalapa del Marqu\u00e9s, se suscit\u00f3 un choque entre un taxi del sitio \u201cCerro del Tigre\u201d de Tehuantepec y un veh\u00edculo de una empresa comercial. <\/p>\n\n\n\n<p>El saldo preliminar es de una persona fallecida, identificada como el chofer Margarito L. C., y al menos otras cuatro lesionadas, entre ellas un menor de edad. <\/p>\n\n\n\n<p>Un percance m\u00e1s se registr\u00f3 poco despu\u00e9s del mediod\u00eda en la misma vialidad federal pero en jurisdicci\u00f3n de San Francisco Tutla, del municipio de Santa Luc\u00eda del Camino.<\/p>\n\n\n\n<p>Un veh\u00edculo particular choc\u00f3 con una camioneta de la Guardia Nacional, donde resultaron lesionados leves dos elementos y un civil, que fueron atendidos por el Heroico Cuerpo de Bomberos.<\/p>\n\n\n\n<p>Un accidente m\u00e1s se registr\u00f3 en la ma\u00f1ana en el cruce de la avenida Independencia con la calle de Crespo, en el centro de la capital oaxaque\u00f1a. <\/p>\n\n\n\n<p>Un autob\u00fas del transporte de pasajeros arroll\u00f3 a un motociclista, que fue trasladado a un nosocomio.<\/p>\n\n\n\n<p>Mientras tanto, poco despu\u00e9s del mediod\u00eda un individuo presuntamente se arroj\u00f3 de un edificio de tres niveles, en la calle de Miguel Cabrera centro de la ciudad de Oaxaca. <\/p>\n\n\n\n<p>La v\u00edctima habr\u00eda tomado la decisi\u00f3n de quitarse la vida, sin embargo rompi\u00f3 un cristal para tirarse al piso.<\/p>\n\n\n\n<p>En esta ocasi\u00f3n los peritajes y el levantamiento del cuerpo se realizaron de manera \u00e1gil; la v\u00edctima fue identificada de manera preliminar como Jacobo Mijangos Pacheco, integrante de la Polic\u00eda Estatal del Estado, quien este d\u00eda se hallaba franco. <\/p>\n","protected":false},"excerpt":{"rendered":"<p>Redacci\u00f3n\/Zona Roja. Oaxaca de Ju\u00e1rez, Oax., a 23 de julio de 2023.- Al menos otros&hellip;<\/p>\n","protected":false},"author":2,"featured_media":57869,"comment_status":"closed","ping_status":"open","sticky":false,"template":"","format":"standard","meta":{"_lmt_disableupdate":"","_lmt_disable":"","_jetpack_memberships_contains_paid_content":false,"footnotes":""},"categories":[109,47],"tags":[],"class_list":["post-57870","post","type-post","status-publish","format-standard","has-post-thumbnail","hentry","category-minuto-a-minuto","category-zona-gris"],"jetpack_featured_media_url":"https:\/\/zonaroja.com.mx\/wp-content\/uploads\/2023\/07\/98a7f103-412c-445f-9c9f-7a87f4486ed2.jpg","jetpack_sharing_enabled":true,"_links":{"self":[{"href":"https:\/\/zonaroja.com.mx\/index.php?rest_route=\/wp\/v2\/posts\/57870","targetHints":{"allow":["GET"]}}],"collection":[{"href":"https:\/\/zonaroja.com.mx\/index.php?rest_route=\/wp\/v2\/posts"}],"about":[{"href":"https:\/\/zonaroja.com.mx\/index.php?rest_route=\/wp\/v2\/types\/post"}],"author":[{"embeddable":true,"href":"https:\/\/zonaroja.com.mx\/index.php?rest_route=\/wp\/v2\/users\/2"}],"replies":[{"embeddable":true,"href":"https:\/\/zonaroja.com.mx\/index.php?rest_route=%2Fwp%2Fv2%2Fcomments&post=57870"}],"version-history":[{"count":1,"href":"https:\/\/zonaroja.com.mx\/index.php?rest_route=\/wp\/v2\/posts\/57870\/revisions"}],"predecessor-version":[{"id":57871,"href":"https:\/\/zonaroja.com.mx\/index.php?rest_route=\/wp\/v2\/posts\/57870\/revisions\/57871"}],"wp:featuredmedia":[{"embeddable":true,"href":"https:\/\/zonaroja.com.mx\/index.php?rest_route=\/wp\/v2\/media\/57869"}],"wp:attachment":[{"href":"https:\/\/zonaroja.com.mx\/index.php?rest_route=%2Fwp%2Fv2%2Fmedia&parent=57870"}],"wp:term":[{"taxonomy":"category","embeddable":true,"href":"https:\/\/zonaroja.com.mx\/index.php?rest_route=%2Fwp%2Fv2%2Fcategories&post=57870"},{"taxonomy":"post_tag","embeddable":true,"href":"https:\/\/zonaroja.com.mx\/index.php?rest_route=%2Fwp%2Fv2%2Ftags&post=57870"}],"curies":[{"name":"wp","href":"https:\/\/api.w.org\/{rel}","templated":true}]}}