{"id":57881,"date":"2023-07-23T12:00:00","date_gmt":"2023-07-23T17:00:00","guid":{"rendered":"http:\/\/www.zonaroja.com.mx\/?p=57881"},"modified":"2023-07-23T08:28:28","modified_gmt":"2023-07-23T13:28:28","slug":"suman-mas-de-500-homicidios-dolosos-en-7-meses-de-gobierno-de-la-4t","status":"publish","type":"post","link":"https:\/\/zonaroja.com.mx\/?p=57881","title":{"rendered":"Suman m\u00e1s de 500 homicidios dolosos en 7 meses de gobierno de la 4T"},"content":{"rendered":"\n<p>Yuridiana Sosa\/Zona Roja.<\/p>\n\n\n\n<p>Oaxaca de Ju\u00e1rez, Oax., a 22 de julio de 2023.- Los homicidios dolosos durante la administraci\u00f3n estatal de Salom\u00f3n Jara Cruz van en aumento, tanto que en junio la entidad ocup\u00f3 los primeros lugares a nivel nacional por mayor cantidad de v\u00edctimas en comparaci\u00f3n al mes anterior y a junio de 2022.<\/p>\n\n\n\n<p>Al corte del mes de junio, el Secretariado Ejecutivo del Sistema Nacional de Seguridad P\u00fablica (SESNSP) report\u00f3 que Oaxaca ocup\u00f3 el d\u00e9cimo lugar en M\u00e9xico con 104 v\u00edctimas de homicidio doloso, lo que a su vez represent\u00f3 2.5 v\u00edctimas por cada 100 ml habitantes, por arriba de la media nacional de 1.93.<\/p>\n\n\n\n<p>Pero Oaxaca se situ\u00f3 en el quinto lugar nacional por el aumento del 19.5 por ciento de v\u00edctimas en comparaci\u00f3n al mes de mayo, mientras que la media nacional fue de menos 4.7 por ciento.<\/p>\n\n\n\n<p>El cruel escenario de violencia en Oaxaca durante la actual administraci\u00f3n lo marc\u00f3 el comparativo de homicidios dolosos de junio de este a\u00f1o con el 2022, al representar el aumento del 50.7 por ciento, posicion\u00e1ndose en el tercer lugar a nivel nacional, s\u00f3lo por debajo de Quer\u00e9taro con el 75 por ciento y Puebla, 66.7 por ciento.<\/p>\n\n\n\n<p>Respecto a la incidencia total de delitos, las cifras son m\u00e1s favorables para la entidad de acuerdo al reporte mensual del SESNSP.<\/p>\n\n\n\n<p>Con un total de tres mil 668 hechos, Oaxaca se coloc\u00f3 entre las entidades con menos delitos registrados en junio en comparaci\u00f3n al mes anterior, lo que a su vez represent\u00f3 una reducci\u00f3n del nueve por ciento, el mejor resultado a nivel nacional.<\/p>\n\n\n\n<p>Pero la incidencia delictiva represent\u00f3 el aumento del 2.5 por ciento comparada con junio de 2022.<\/p>\n\n\n\n<p>INVESTIGACIONES EN AUMENTO<\/p>\n\n\n\n<p>De acuerdo con el Centro Nacional de Informaci\u00f3n, del SESNSP, las carpetas por homicidios dolosos tambi\u00e9n van en aumento y de diciembre de 2022, cuando inici\u00f3 la administraci\u00f3n estatal de Jara Cruz, a junio, se han registrado 507.<\/p>\n\n\n\n<p>El aumento de los homicidios dolosos ha sido constante desde el pasado mes de marzo, al pasar de 59, 66,76 y 89 registros; durante el 2023, de enero a junio, la cifra total es de 430 hechos.<\/p>\n\n\n\n<p>Respecto a los feminicidios, la cifra oficial es de 31 hechos entre diciembre y junio. En ese mismo periodo, son 21 secuestros, mil 31 delitos contra la libertad y seguridad sexual; 76 casos de extorsiones, 334 por narcomenudeo.<\/p>\n\n\n\n<p>El Secretariado Ejecutivo detall\u00f3 que, entre diciembre y junio, Oaxaca acumul\u00f3 una incidencia delictiva de 25 mil 638 hechos, de los que 22 mil 315 corresponden al 2023.<\/p>\n","protected":false},"excerpt":{"rendered":"<p>Yuridiana Sosa\/Zona Roja. Oaxaca de Ju\u00e1rez, Oax., a 22 de julio de 2023.- Los homicidios&hellip;<\/p>\n","protected":false},"author":2,"featured_media":47151,"comment_status":"closed","ping_status":"open","sticky":false,"template":"","format":"standard","meta":{"_lmt_disableupdate":"","_lmt_disable":"","_jetpack_memberships_contains_paid_content":false,"footnotes":""},"categories":[109,47],"tags":[174],"class_list":["post-57881","post","type-post","status-publish","format-standard","has-post-thumbnail","hentry","category-minuto-a-minuto","category-zona-gris","tag-secretariado-ejecutivo-del-sistema-nacional-de-seguridad-publica"],"jetpack_featured_media_url":"https:\/\/zonaroja.com.mx\/wp-content\/uploads\/2022\/10\/Delitos-violencia-homicidios-asesinatos-Oaxaca.jpg","jetpack_sharing_enabled":true,"_links":{"self":[{"href":"https:\/\/zonaroja.com.mx\/index.php?rest_route=\/wp\/v2\/posts\/57881","targetHints":{"allow":["GET"]}}],"collection":[{"href":"https:\/\/zonaroja.com.mx\/index.php?rest_route=\/wp\/v2\/posts"}],"about":[{"href":"https:\/\/zonaroja.com.mx\/index.php?rest_route=\/wp\/v2\/types\/post"}],"author":[{"embeddable":true,"href":"https:\/\/zonaroja.com.mx\/index.php?rest_route=\/wp\/v2\/users\/2"}],"replies":[{"embeddable":true,"href":"https:\/\/zonaroja.com.mx\/index.php?rest_route=%2Fwp%2Fv2%2Fcomments&post=57881"}],"version-history":[{"count":1,"href":"https:\/\/zonaroja.com.mx\/index.php?rest_route=\/wp\/v2\/posts\/57881\/revisions"}],"predecessor-version":[{"id":57882,"href":"https:\/\/zonaroja.com.mx\/index.php?rest_route=\/wp\/v2\/posts\/57881\/revisions\/57882"}],"wp:featuredmedia":[{"embeddable":true,"href":"https:\/\/zonaroja.com.mx\/index.php?rest_route=\/wp\/v2\/media\/47151"}],"wp:attachment":[{"href":"https:\/\/zonaroja.com.mx\/index.php?rest_route=%2Fwp%2Fv2%2Fmedia&parent=57881"}],"wp:term":[{"taxonomy":"category","embeddable":true,"href":"https:\/\/zonaroja.com.mx\/index.php?rest_route=%2Fwp%2Fv2%2Fcategories&post=57881"},{"taxonomy":"post_tag","embeddable":true,"href":"https:\/\/zonaroja.com.mx\/index.php?rest_route=%2Fwp%2Fv2%2Ftags&post=57881"}],"curies":[{"name":"wp","href":"https:\/\/api.w.org\/{rel}","templated":true}]}}