{"id":57886,"date":"2023-07-23T15:03:00","date_gmt":"2023-07-23T20:03:00","guid":{"rendered":"http:\/\/www.zonaroja.com.mx\/?p=57886"},"modified":"2023-07-23T09:11:52","modified_gmt":"2023-07-23T14:11:52","slug":"incesantes-los-ataques-de-rusia-contra-ucrania-estalla-deposito-de-municiones","status":"publish","type":"post","link":"https:\/\/zonaroja.com.mx\/?p=57886","title":{"rendered":"Incesantes, los ataques de Rusia contra Ucrania; estalla dep\u00f3sito de municiones"},"content":{"rendered":"\n<p>Redacci\u00f3n\/Zona Roja Cdmx.<\/p>\n\n\n\n<p>Ciudad de M\u00e9xico, a 23 de julio de 2023.- Cinco d\u00edas despu\u00e9s de que un atentado da\u00f1ara un estrat\u00e9gico puente ruso, un ataque ucraniano con drones en Crimea, hizo estallar un dep\u00f3sito de municiones, provocando evacuaciones en esa pen\u00ednsula anexada por Rusia, provocando importante tr\u00e1fico ferroviario.<\/p>\n\n\n\n<p>Ucrania lanz\u00f3 a inicios de junio una contraofensiva para reconquistar los territorios arrebatados por Rusia y manifest\u00f3 su intenci\u00f3n de recuperar Crimea, que Mosc\u00fa se anex\u00f3 en 2014.<\/p>\n\n\n\n<p>El viernes, hablando por videoconferencia en el Foro de Seguridad de Aspen, el presidente ucraniano Volodimir Zelenski estim\u00f3 que el puente de Crimea, construido seg\u00fan \u00e9l en violaci\u00f3n al derecho internacional, deb\u00eda ser \u00abneutralizado\u00bb.<\/p>\n\n\n\n<p>El puente de Kerch es la \u00fanica infraestructura que une esta pen\u00ednsula a Rusia. Es utilizado para transportar material militar ruso al frente ucraniano.<\/p>\n\n\n\n<p>\u00abComo resultado de un ataque con un dron enemigo en el distrito de Krasnogvardeiski, hubo una explosi\u00f3n en un dep\u00f3sito de municiones\u00bb, dijo el s\u00e1bado l\u00edder prorruso de Crimea, Sergu\u00e9i Aksionov, en Telegram.<\/p>\n\n\n\n<p>\u00abSe decidi\u00f3 evacuar a la gente que vive en un radio de 5 kil\u00f3metros\u00bb, y, \u00abpara minimizar los riesgos, tambi\u00e9n parar el tr\u00e1fico ferroviario\u00bb. El tr\u00e1fico vial fue interrumpido muy brevemente.<\/p>\n\n\n\n<p>Aksionov no dijo d\u00f3nde se produjo exactamente el ataque, se\u00f1alando \u00fanicamente que fue en el distrito de Krasnogvardeiski, ubicado en el centro de Crimea.<\/p>\n\n\n\n<p>Seg\u00fan \u00e9l, no hubo v\u00edctimas, de acuerdo con las primeras informaciones.<\/p>\n\n\n\n<p>Se intensifican los ataques<\/p>\n\n\n\n<p>Los ataques en esta pen\u00ednsula del mar Negro se han intensificado en las \u00faltimas semanas.<\/p>\n\n\n\n<p>Hace cinco d\u00edas un ataque golpe\u00f3 el puente de Crimea, que ya hab\u00eda sido atacado por las tropas ucranianas en octubre de 2022.<\/p>\n\n\n\n<p>Drones navales causaron da\u00f1os considerables y dos civiles que circulaban en auto por el puente murieron.<\/p>\n\n\n\n<p>El presidente ruso, Vladimir Putin, prometi\u00f3 una \u00abrespuesta\u00bb de su ej\u00e9rcito y llam\u00f3 a \u00abmejorar la seguridad\u00bb en el puente.<\/p>\n\n\n\n<p>En la regi\u00f3n de Zaporiyia, en el sur de Ucrania, un periodista ruso de la agencia de prensa estatal Ria Novosti muri\u00f3 el s\u00e1bado en un bombardeo ucraniano, anunci\u00f3 el ej\u00e9rcito ruso en un comunicado.<\/p>\n\n\n\n<p>\u00abUnidades de las fuerzas armadas ucranianas lanzaron un ataque de artiller\u00eda contra un grupo de periodistas\u00bb, e \u00abhirieron a cuatro reporteros con mayor o menor gravedad\u00bb, afirm\u00f3 el ej\u00e9rcito ruso.<\/p>\n\n\n\n<p>\u00abDurante la evacuaci\u00f3n, el periodista de RIA Novosti Rostislav Zhuravlev falleci\u00f3 a causa de las heridas resultantes de la explosi\u00f3n de municiones de racimo\u00bb, precis\u00f3 el ej\u00e9rcito.<\/p>\n\n\n\n<p>Seg\u00fan la agencia Ria Novosti, \u00abel ataque tuvo lugar cerca del pueblo de Pitikhatki\u00bb, en la regi\u00f3n de Zaporiyia (sur).<\/p>\n\n\n\n<p>El gobernador de la regi\u00f3n rusa de B\u00e9lgorod, fronteriza con Ucrania, acus\u00f3 el s\u00e1bado a las autoridades ucranianas de haber lanzado el viernes bombas de racimo contra la localidad de Zhuravlevka.<\/p>\n\n\n\n<p>\u00abEn la regi\u00f3n de B\u00e9lgorod, 21 proyectiles de artiller\u00eda y tres municiones de racimo de un lanzacohetes m\u00faltiple fueron disparados \u2014por el ej\u00e9rcito ucraniano\u2014 contra la aldea de Zhuravlevka\u00bb, dijo el gobernador Viacheslav Gladkov en Telegram, refiri\u00e9ndose a los ataques del viernes.<\/p>\n\n\n\n<p>Adem\u00e1s de los combates, la semana estuvo marcada sobre todo por una escalada verbal entre Ucrania y Rusia, despu\u00e9s de que Mosc\u00fa pusiera fin el lunes al acuerdo que facilitaba la exportaci\u00f3n de cereales desde los puertos ucranianos del mar Negro.<\/p>\n\n\n\n<p>El Kremlin advirti\u00f3 el mi\u00e9rcoles que considerar\u00eda como posibles objetivos militares a los buques de carga con destino a Ucrania.<\/p>\n\n\n\n<p>Ucrania anunci\u00f3 a su vez el jueves que considerar\u00eda a los nav\u00edos que se dirigen hacia los puertos controlados por Rusia como posibles naves de transporte de material militar, \u00abcon todos los riesgos asociados\u201d.<\/p>\n\n\n\n<p>(Informaci\u00f3n de la agencia AFP en \u201cMilenio\u201d)<\/p>\n","protected":false},"excerpt":{"rendered":"<p>Redacci\u00f3n\/Zona Roja Cdmx. Ciudad de M\u00e9xico, a 23 de julio de 2023.- Cinco d\u00edas despu\u00e9s&hellip;<\/p>\n","protected":false},"author":2,"featured_media":43545,"comment_status":"closed","ping_status":"open","sticky":false,"template":"","format":"standard","meta":{"_lmt_disableupdate":"","_lmt_disable":"","_jetpack_memberships_contains_paid_content":false,"footnotes":""},"categories":[109,47],"tags":[3040],"class_list":["post-57886","post","type-post","status-publish","format-standard","has-post-thumbnail","hentry","category-minuto-a-minuto","category-zona-gris","tag-conflicto-ucrania-rusia-2"],"jetpack_featured_media_url":"https:\/\/zonaroja.com.mx\/wp-content\/uploads\/2022\/07\/Ataque-Rusia-a-Ucrania.jpeg","jetpack_sharing_enabled":true,"_links":{"self":[{"href":"https:\/\/zonaroja.com.mx\/index.php?rest_route=\/wp\/v2\/posts\/57886","targetHints":{"allow":["GET"]}}],"collection":[{"href":"https:\/\/zonaroja.com.mx\/index.php?rest_route=\/wp\/v2\/posts"}],"about":[{"href":"https:\/\/zonaroja.com.mx\/index.php?rest_route=\/wp\/v2\/types\/post"}],"author":[{"embeddable":true,"href":"https:\/\/zonaroja.com.mx\/index.php?rest_route=\/wp\/v2\/users\/2"}],"replies":[{"embeddable":true,"href":"https:\/\/zonaroja.com.mx\/index.php?rest_route=%2Fwp%2Fv2%2Fcomments&post=57886"}],"version-history":[{"count":1,"href":"https:\/\/zonaroja.com.mx\/index.php?rest_route=\/wp\/v2\/posts\/57886\/revisions"}],"predecessor-version":[{"id":57887,"href":"https:\/\/zonaroja.com.mx\/index.php?rest_route=\/wp\/v2\/posts\/57886\/revisions\/57887"}],"wp:featuredmedia":[{"embeddable":true,"href":"https:\/\/zonaroja.com.mx\/index.php?rest_route=\/wp\/v2\/media\/43545"}],"wp:attachment":[{"href":"https:\/\/zonaroja.com.mx\/index.php?rest_route=%2Fwp%2Fv2%2Fmedia&parent=57886"}],"wp:term":[{"taxonomy":"category","embeddable":true,"href":"https:\/\/zonaroja.com.mx\/index.php?rest_route=%2Fwp%2Fv2%2Fcategories&post=57886"},{"taxonomy":"post_tag","embeddable":true,"href":"https:\/\/zonaroja.com.mx\/index.php?rest_route=%2Fwp%2Fv2%2Ftags&post=57886"}],"curies":[{"name":"wp","href":"https:\/\/api.w.org\/{rel}","templated":true}]}}