{"id":57905,"date":"2023-07-23T22:02:36","date_gmt":"2023-07-24T03:02:36","guid":{"rendered":"http:\/\/www.zonaroja.com.mx\/?p=57905"},"modified":"2023-07-23T22:07:23","modified_gmt":"2023-07-24T03:07:23","slug":"segundo-ejecutado-el-sabado-ahora-fue-en-san-pedro-pochutla","status":"publish","type":"post","link":"https:\/\/zonaroja.com.mx\/?p=57905","title":{"rendered":"Segundo ejecutado el s\u00e1bado, ahora fue en San Pedro Pochutla"},"content":{"rendered":"\n<p>Redacci\u00f3n\/Zona Roja.<\/p>\n\n\n\n<p>Oaxaca de Ju\u00e1rez, Oax., a 23 de julio de 2023.- Una segunda persona fue ejecutada ayer por la noche, ahora en San Pedro Pochutla, municipio de la regi\u00f3n Costa de Oaxaca.<\/p>\n\n\n\n<p>Tras las detonaciones de arma de fuego, polic\u00edas se trasladaron a la avenida L\u00e1zaron C\u00e1rdenas, donde hallaron un individuo baleado, sobre una motocicleta.<\/p>\n\n\n\n<p>Param\u00e9dicos arribaron al sitio para brindar los primeros auxilios, pero corroboraron que ya no contaba con signos vitales.<\/p>\n\n\n\n<p>Posteriormente arrib\u00f3 la pareja del hoy occiso, quien identific\u00f3 a la v\u00edctima como Fortunato S. Jarqu\u00edn, de aproximadamente 40 a\u00f1os de edad, quien tuvo su domicilio en la Secci\u00f3n Cuarta de Pochutla.<\/p>\n\n\n\n<p>Hasta el momento se desconoce qui\u00e9n o qui\u00e9nes dispararon en contra del hoy occiso, as\u00ed como el m\u00f3vil; personal de la Vicefiscal\u00eda Regional de la Costa inici\u00f3 las indagatorias correspondientes para deslindar responsabilidades y hallar al o a los criminales.<\/p>\n\n\n\n<p>Como se inform\u00f3 previamente, tambi\u00e9n anoche pero en el municipio de Salina Cruz, fue asesinado un taxista, en el interior de un bar, por parte de sujetos armados que ingresaron directamente para ejecutarlo, tras lo cual huyeron.<\/p>\n\n\n\n<p>Hasta el momento no hay ninguna persona detenida por alguno de estos casos.<\/p>\n","protected":false},"excerpt":{"rendered":"<p>Redacci\u00f3n\/Zona Roja. Oaxaca de Ju\u00e1rez, Oax., a 23 de julio de 2023.- Una segunda persona&hellip;<\/p>\n","protected":false},"author":2,"featured_media":29993,"comment_status":"closed","ping_status":"open","sticky":false,"template":"","format":"standard","meta":{"_lmt_disableupdate":"","_lmt_disable":"","_jetpack_memberships_contains_paid_content":false,"footnotes":""},"categories":[109,51],"tags":[],"class_list":["post-57905","post","type-post","status-publish","format-standard","has-post-thumbnail","hentry","category-minuto-a-minuto","category-zona-roja"],"jetpack_featured_media_url":"https:\/\/zonaroja.com.mx\/wp-content\/uploads\/2021\/07\/Escena-balazos.jpg","jetpack_sharing_enabled":true,"_links":{"self":[{"href":"https:\/\/zonaroja.com.mx\/index.php?rest_route=\/wp\/v2\/posts\/57905","targetHints":{"allow":["GET"]}}],"collection":[{"href":"https:\/\/zonaroja.com.mx\/index.php?rest_route=\/wp\/v2\/posts"}],"about":[{"href":"https:\/\/zonaroja.com.mx\/index.php?rest_route=\/wp\/v2\/types\/post"}],"author":[{"embeddable":true,"href":"https:\/\/zonaroja.com.mx\/index.php?rest_route=\/wp\/v2\/users\/2"}],"replies":[{"embeddable":true,"href":"https:\/\/zonaroja.com.mx\/index.php?rest_route=%2Fwp%2Fv2%2Fcomments&post=57905"}],"version-history":[{"count":1,"href":"https:\/\/zonaroja.com.mx\/index.php?rest_route=\/wp\/v2\/posts\/57905\/revisions"}],"predecessor-version":[{"id":57906,"href":"https:\/\/zonaroja.com.mx\/index.php?rest_route=\/wp\/v2\/posts\/57905\/revisions\/57906"}],"wp:featuredmedia":[{"embeddable":true,"href":"https:\/\/zonaroja.com.mx\/index.php?rest_route=\/wp\/v2\/media\/29993"}],"wp:attachment":[{"href":"https:\/\/zonaroja.com.mx\/index.php?rest_route=%2Fwp%2Fv2%2Fmedia&parent=57905"}],"wp:term":[{"taxonomy":"category","embeddable":true,"href":"https:\/\/zonaroja.com.mx\/index.php?rest_route=%2Fwp%2Fv2%2Fcategories&post=57905"},{"taxonomy":"post_tag","embeddable":true,"href":"https:\/\/zonaroja.com.mx\/index.php?rest_route=%2Fwp%2Fv2%2Ftags&post=57905"}],"curies":[{"name":"wp","href":"https:\/\/api.w.org\/{rel}","templated":true}]}}